{"id":86201,"date":"2021-01-19T12:31:05","date_gmt":"2021-01-19T15:31:05","guid":{"rendered":"https:\/\/eldiariodesanpedro.com.ar\/sitio\/?p=86201"},"modified":"2021-01-19T12:31:06","modified_gmt":"2021-01-19T15:31:06","slug":"baradero-me-decian-que-damian-mori-les-habia-dado-autorizacion-para-permanecer-abiertos","status":"publish","type":"post","link":"https:\/\/eldiariodesanpedro.com.ar\/sitio\/baradero-me-decian-que-damian-mori-les-habia-dado-autorizacion-para-permanecer-abiertos\/","title":{"rendered":"BARADERO | \u201cMe dec\u00edan que Dami\u00e1n Mori les hab\u00eda dado autorizaci\u00f3n para permanecer abiertos\u201d"},"content":{"rendered":"<!-- VideographyWP Plugin Message: Automatic video embedding prevented by plugin options. -->\n\n<p>Sergio Lucero inform\u00f3 en la ma\u00f1ana de #ContactoDirecto que en este comercio se hab\u00edan generado situaciones desafortunadas entre los due\u00f1os del local y los vecinos cuando estos les ped\u00edan que bajen la m\u00fasica. Sonia Panno es una de las vecinas involucradas y afirm\u00f3 que cuando se dirigi\u00f3 al lugar le dec\u00edan que se vaya a su casa porque a ellos les hab\u00eda dado el permiso de permanecer abiertos el Director de Producci\u00f3n Dami\u00e1n Mori.<\/p>\n\n\n\n<p>\u201cEsta situaci\u00f3n no es algo de ahora sino que viene desde hace un tiempo\u201d.<\/p>\n\n\n\n<p>\u201cHab\u00eda entre 150 y 200 personas. No era un lugar para ir a tomar algo sino que era un baile. Quiero ver qu\u00e9 especie de habilitaci\u00f3n tiene ese comercio\u201d.<\/p>\n\n\n\n<p>\u201cA mi no me interesa que pasen m\u00fasica, pero que no armen un biale con tanta gente\u201d.<\/p>\n\n\n\n<p>\u201cTengo que agradecer la eficacia con la que oper\u00f3 el Subsecretario de Seguridad Sergio Lucero que al llamarlo por tel\u00e9fono a las 2 de la ma\u00f1ana inmediatamente llam\u00f3 a la polic\u00eda\u201d.<\/p>\n\n\n\n<p>Fuente: <a href=\"https:\/\/tulineadirecta.com\/me-decian-que-damian-mori-les-habia-dado-autorizacion-para-permanecer-abiertos\/\">Tu Linea Directa<\/a><\/p>\n\n\n\n<p><a href=\"https:\/\/tulineadirecta.com\/author\/tulineadirecta1\/\"><\/a><\/p>\n","protected":false},"excerpt":{"rendered":"<p>Sergio Lucero inform\u00f3 en la ma\u00f1ana de #ContactoDirecto que en este comercio se hab\u00edan generado situaciones desafortunadas entre los due\u00f1os del local y los vecinos cuando estos les ped\u00edan que bajen la m\u00fasica. Sonia Panno es una de las vecinas involucradas y afirm\u00f3 que cuando se dirigi\u00f3 al lugar le dec\u00edan que se vaya a [&hellip;]<\/p>\n","protected":false},"author":4,"featured_media":86202,"comment_status":"open","ping_status":"closed","sticky":false,"template":"","format":"standard","meta":{"om_disable_all_campaigns":false,"_jetpack_memberships_contains_paid_content":false,"footnotes":""},"categories":[621],"tags":[],"class_list":["post-86201","post","type-post","status-publish","format-standard","has-post-thumbnail","hentry","category-regionales"],"aioseo_notices":[],"gutentor_comment":0,"jetpack_featured_media_url":"https:\/\/eldiariodesanpedro.com.ar\/sitio\/wp-content\/uploads\/2021\/01\/1-2.jpg","jetpack_shortlink":"https:\/\/wp.me\/p6RhLt-mql","jetpack_sharing_enabled":true,"_links":{"self":[{"href":"https:\/\/eldiariodesanpedro.com.ar\/sitio\/wp-json\/wp\/v2\/posts\/86201","targetHints":{"allow":["GET"]}}],"collection":[{"href":"https:\/\/eldiariodesanpedro.com.ar\/sitio\/wp-json\/wp\/v2\/posts"}],"about":[{"href":"https:\/\/eldiariodesanpedro.com.ar\/sitio\/wp-json\/wp\/v2\/types\/post"}],"author":[{"embeddable":true,"href":"https:\/\/eldiariodesanpedro.com.ar\/sitio\/wp-json\/wp\/v2\/users\/4"}],"replies":[{"embeddable":true,"href":"https:\/\/eldiariodesanpedro.com.ar\/sitio\/wp-json\/wp\/v2\/comments?post=86201"}],"version-history":[{"count":1,"href":"https:\/\/eldiariodesanpedro.com.ar\/sitio\/wp-json\/wp\/v2\/posts\/86201\/revisions"}],"predecessor-version":[{"id":86203,"href":"https:\/\/eldiariodesanpedro.com.ar\/sitio\/wp-json\/wp\/v2\/posts\/86201\/revisions\/86203"}],"wp:featuredmedia":[{"embeddable":true,"href":"https:\/\/eldiariodesanpedro.com.ar\/sitio\/wp-json\/wp\/v2\/media\/86202"}],"wp:attachment":[{"href":"https:\/\/eldiariodesanpedro.com.ar\/sitio\/wp-json\/wp\/v2\/media?parent=86201"}],"wp:term":[{"taxonomy":"category","embeddable":true,"href":"https:\/\/eldiariodesanpedro.com.ar\/sitio\/wp-json\/wp\/v2\/categories?post=86201"},{"taxonomy":"post_tag","embeddable":true,"href":"https:\/\/eldiariodesanpedro.com.ar\/sitio\/wp-json\/wp\/v2\/tags?post=86201"}],"curies":[{"name":"wp","href":"https:\/\/api.w.org\/{rel}","templated":true}]}}