{"id":86193,"date":"2021-01-19T11:30:48","date_gmt":"2021-01-19T14:30:48","guid":{"rendered":"https:\/\/eldiariodesanpedro.com.ar\/sitio\/?p=86193"},"modified":"2021-01-19T11:30:49","modified_gmt":"2021-01-19T14:30:49","slug":"reclamo-de-barrios-de-pie-y-libres-del-sur-frente-a-cultura","status":"publish","type":"post","link":"https:\/\/eldiariodesanpedro.com.ar\/sitio\/reclamo-de-barrios-de-pie-y-libres-del-sur-frente-a-cultura\/","title":{"rendered":"Reclamo de Barrios de Pie y Libres del Sur frente a Cultura"},"content":{"rendered":"<!-- VideographyWP Plugin Message: Automatic video embedding prevented by plugin options. -->\n\n<p>El movimiento Barrios de Pie y Libres del Sur realizaron una manifestaci\u00f3n en la ma\u00f1ana de hoy frente al edificio de la Direcci\u00f3n de cultura y a pocos metros de las oficinas pertenecientes a la Secretaria de Desarrollo Humano uni\u00e9ndose al reclamo que se lleva a cabo en todo el pa\u00eds  sobre los recortes de nuevas incorporaciones al \u00abPotenciar Trabajo\u00bb.<\/p>\n\n\n\n<p><strong>El movimiento Barrios de Pie (Libres del Sur) realiza una jornada nacional de lucha con movilizaci\u00f3n en m\u00e1s de 50 ciudades del pa\u00eds.  La jornada se da en el marco de la campa\u00f1a \u00abLa Salida es Sin Ajuste\u00bb, y que contempla propuestas en torno a cuatro ejes: el acceso a alimentos, la mejora de ingresos, tierra para vivir y la creaci\u00f3n r\u00e1pida de puestos de trabajo. \u00abEs un error suspender el IFE en una situaci\u00f3n que contin\u00faa siendo cr\u00edtica. Ese ingreso no solo es una ayuda a millones de familias, sino que implica gran cantidad de dinero circulando en las econom\u00edas locales tan golpeadas. La AUH, las jubilaciones minimas y el Salario Social no lograr\u00e1n, a\u00fan con los aumentos anunciados, recuperar el poder adquisitivo que ya ven\u00eda muy deteriorado por el gobierno macrista\u00bb.<\/strong><\/p>\n\n\n\n<p>\u00abEs un error suspender el IFE en una situaci\u00f3n que contin\u00faa siendo cr\u00edtica \u2013 expres\u00f3\u00a0<strong>Silvia Saravia<\/strong>, coordinadora nacional de Barrios de Pie \u2013 Ese ingreso no solo es una ayuda a millones de familias, sino que implica gran cantidad de dinero circulando en las econom\u00edas locales tan golpeadas\u00bb, se\u00f1al\u00f3.<\/p>\n\n\n\n<p>Con respecto a garantizar el acceso a los alimentos, el movimiento propone\u00a0<strong>ampliar el alcance de la Tarjeta Alimentar, controlar los precios de la Canasta B\u00e1sica Alimentaria, promover la producci\u00f3n en peque\u00f1a escala y venta en mercados de cercan\u00eda, y la realizzaci\u00f3n de campa\u00f1as de alimentaci\u00f3n saludable y etiquetado de procesados<\/strong>.<\/p>\n\n\n\n<p>En tercer lugar, como pol\u00edticas que generen el acceso a la tierra Barrios de Pie propone crear un\u00a0<strong>banco de tierras, plan de acceso a lotes con servicios, construcci\u00f3n y mejoramiento de viviendas, urbanizaci\u00f3n y regularizaci\u00f3n de barrios relevados en el RENABAP<\/strong>.<\/p>\n\n\n\n<p>Finalmente, en cuanto a los puestos laborales, el movimiento impulsa el\u00a0<strong>reconocimiento econ\u00f3mico de los trabajos de cuidados y acompa\u00f1amiento, la creaci\u00f3n de nuevos trabajos a trav\u00e9s de las cooperativas de producci\u00f3n, construcci\u00f3n, servicios, cuidados y acompa\u00f1amiento<\/strong>.<\/p>\n\n\n\n<p>Foto gentileza Gabriel Stringhini (Noticias San Pedro)<\/p>\n","protected":false},"excerpt":{"rendered":"<p>El movimiento Barrios de Pie y Libres del Sur realizaron una manifestaci\u00f3n en la ma\u00f1ana de hoy frente al edificio de la Direcci\u00f3n de cultura y a pocos metros de las oficinas pertenecientes a la Secretaria de Desarrollo Humano uni\u00e9ndose al reclamo que se lleva a cabo en todo el pa\u00eds sobre los recortes de [&hellip;]<\/p>\n","protected":false},"author":4,"featured_media":86195,"comment_status":"open","ping_status":"closed","sticky":false,"template":"","format":"standard","meta":{"om_disable_all_campaigns":false,"_jetpack_memberships_contains_paid_content":false,"footnotes":""},"categories":[50,101,2],"tags":[],"class_list":["post-86193","post","type-post","status-publish","format-standard","has-post-thumbnail","hentry","category-destacadas","category-interes-general-locales","category-locales"],"aioseo_notices":[],"gutentor_comment":0,"jetpack_featured_media_url":"https:\/\/eldiariodesanpedro.com.ar\/sitio\/wp-content\/uploads\/2021\/01\/WhatsApp-Image-2021-01-19-at-10.03.02.jpeg","jetpack_shortlink":"https:\/\/wp.me\/p6RhLt-mqd","jetpack_sharing_enabled":true,"_links":{"self":[{"href":"https:\/\/eldiariodesanpedro.com.ar\/sitio\/wp-json\/wp\/v2\/posts\/86193","targetHints":{"allow":["GET"]}}],"collection":[{"href":"https:\/\/eldiariodesanpedro.com.ar\/sitio\/wp-json\/wp\/v2\/posts"}],"about":[{"href":"https:\/\/eldiariodesanpedro.com.ar\/sitio\/wp-json\/wp\/v2\/types\/post"}],"author":[{"embeddable":true,"href":"https:\/\/eldiariodesanpedro.com.ar\/sitio\/wp-json\/wp\/v2\/users\/4"}],"replies":[{"embeddable":true,"href":"https:\/\/eldiariodesanpedro.com.ar\/sitio\/wp-json\/wp\/v2\/comments?post=86193"}],"version-history":[{"count":1,"href":"https:\/\/eldiariodesanpedro.com.ar\/sitio\/wp-json\/wp\/v2\/posts\/86193\/revisions"}],"predecessor-version":[{"id":86197,"href":"https:\/\/eldiariodesanpedro.com.ar\/sitio\/wp-json\/wp\/v2\/posts\/86193\/revisions\/86197"}],"wp:featuredmedia":[{"embeddable":true,"href":"https:\/\/eldiariodesanpedro.com.ar\/sitio\/wp-json\/wp\/v2\/media\/86195"}],"wp:attachment":[{"href":"https:\/\/eldiariodesanpedro.com.ar\/sitio\/wp-json\/wp\/v2\/media?parent=86193"}],"wp:term":[{"taxonomy":"category","embeddable":true,"href":"https:\/\/eldiariodesanpedro.com.ar\/sitio\/wp-json\/wp\/v2\/categories?post=86193"},{"taxonomy":"post_tag","embeddable":true,"href":"https:\/\/eldiariodesanpedro.com.ar\/sitio\/wp-json\/wp\/v2\/tags?post=86193"}],"curies":[{"name":"wp","href":"https:\/\/api.w.org\/{rel}","templated":true}]}}