{"id":86190,"date":"2021-01-19T11:12:14","date_gmt":"2021-01-19T14:12:14","guid":{"rendered":"https:\/\/eldiariodesanpedro.com.ar\/sitio\/?p=86190"},"modified":"2021-01-19T11:12:18","modified_gmt":"2021-01-19T14:12:18","slug":"allanamientos-para-dar-con-el-paradero-de-los-elementos-robados-en-la-escuela-agrotecnica","status":"publish","type":"post","link":"https:\/\/eldiariodesanpedro.com.ar\/sitio\/allanamientos-para-dar-con-el-paradero-de-los-elementos-robados-en-la-escuela-agrotecnica\/","title":{"rendered":"Allanamientos para dar con el paradero de los elementos robados en la escuela Agrotecnica"},"content":{"rendered":"<!-- VideographyWP Plugin Message: Automatic video embedding prevented by plugin options. -->\n\n<p>Durante la jornada de este lunes el GTO de la polic\u00eda a cargo de Guillermo Turci realiz\u00f3 allanamientos en diferentes domicilios de la ciudad tratando de dar con el paradero de los materiales robados en la escuela Agrot\u00e9cnica de R\u00edo Tala.<\/p>\n\n\n\n<p>Seg\u00fan inform\u00f3 el parte policial este lunes, efectivos policiales se hicieron presentes en varios objetivos dentro del barrio Hermano Indio donde se diligenciaron tres domicilios que dieron resultados negativos.<\/p>\n\n\n\n<p>Otras de las diligencias se efectuaron en calle Alvear al 1600 por hecho de robo de una bomba de pileta que fue&nbsp; denunciado d\u00edas atr\u00e1s y que se encontraba en tr\u00e1mite judicial, asociada con otra denuncia similar denunciada con anterioridad. El allanamiento arroj\u00f3 resultado negativo, prosiguiendo con las tareas con intervenci\u00f3n de la fiscal\u00eda local en turno para dar con el paradero de los elementos.<\/p>\n","protected":false},"excerpt":{"rendered":"<p>Durante la jornada de este lunes el GTO de la polic\u00eda a cargo de Guillermo Turci realiz\u00f3 allanamientos en diferentes domicilios de la ciudad tratando de dar con el paradero de los materiales robados en la escuela Agrot\u00e9cnica de R\u00edo Tala. Seg\u00fan inform\u00f3 el parte policial este lunes, efectivos policiales se hicieron presentes en varios [&hellip;]<\/p>\n","protected":false},"author":4,"featured_media":86191,"comment_status":"open","ping_status":"closed","sticky":false,"template":"","format":"standard","meta":{"om_disable_all_campaigns":false,"_jetpack_memberships_contains_paid_content":false,"footnotes":""},"categories":[50,2,103],"tags":[],"class_list":["post-86190","post","type-post","status-publish","format-standard","has-post-thumbnail","hentry","category-destacadas","category-locales","category-policiales-locales"],"aioseo_notices":[],"gutentor_comment":0,"jetpack_featured_media_url":"https:\/\/eldiariodesanpedro.com.ar\/sitio\/wp-content\/uploads\/2021\/01\/WhatsApp-Image-2021-01-19-at-10.27.23.jpeg","jetpack_shortlink":"https:\/\/wp.me\/p6RhLt-mqa","jetpack_sharing_enabled":true,"_links":{"self":[{"href":"https:\/\/eldiariodesanpedro.com.ar\/sitio\/wp-json\/wp\/v2\/posts\/86190","targetHints":{"allow":["GET"]}}],"collection":[{"href":"https:\/\/eldiariodesanpedro.com.ar\/sitio\/wp-json\/wp\/v2\/posts"}],"about":[{"href":"https:\/\/eldiariodesanpedro.com.ar\/sitio\/wp-json\/wp\/v2\/types\/post"}],"author":[{"embeddable":true,"href":"https:\/\/eldiariodesanpedro.com.ar\/sitio\/wp-json\/wp\/v2\/users\/4"}],"replies":[{"embeddable":true,"href":"https:\/\/eldiariodesanpedro.com.ar\/sitio\/wp-json\/wp\/v2\/comments?post=86190"}],"version-history":[{"count":1,"href":"https:\/\/eldiariodesanpedro.com.ar\/sitio\/wp-json\/wp\/v2\/posts\/86190\/revisions"}],"predecessor-version":[{"id":86192,"href":"https:\/\/eldiariodesanpedro.com.ar\/sitio\/wp-json\/wp\/v2\/posts\/86190\/revisions\/86192"}],"wp:featuredmedia":[{"embeddable":true,"href":"https:\/\/eldiariodesanpedro.com.ar\/sitio\/wp-json\/wp\/v2\/media\/86191"}],"wp:attachment":[{"href":"https:\/\/eldiariodesanpedro.com.ar\/sitio\/wp-json\/wp\/v2\/media?parent=86190"}],"wp:term":[{"taxonomy":"category","embeddable":true,"href":"https:\/\/eldiariodesanpedro.com.ar\/sitio\/wp-json\/wp\/v2\/categories?post=86190"},{"taxonomy":"post_tag","embeddable":true,"href":"https:\/\/eldiariodesanpedro.com.ar\/sitio\/wp-json\/wp\/v2\/tags?post=86190"}],"curies":[{"name":"wp","href":"https:\/\/api.w.org\/{rel}","templated":true}]}}