{"id":8619,"date":"2016-10-04T20:51:19","date_gmt":"2016-10-04T23:51:19","guid":{"rendered":"https:\/\/eldiariodesanpedro.com.ar\/sitio\/?p=8619"},"modified":"2016-10-04T20:51:19","modified_gmt":"2016-10-04T23:51:19","slug":"un-hombre-sufrio-una-fractura-en-un-accidente","status":"publish","type":"post","link":"https:\/\/eldiariodesanpedro.com.ar\/sitio\/un-hombre-sufrio-una-fractura-en-un-accidente\/","title":{"rendered":"Un hombre sufri\u00f3 una fractura en un accidente"},"content":{"rendered":"<p><!-- VideographyWP Plugin Message: Automatic video embedding prevented by plugin options. --><br \/>\nEl siniestro tuvo lugar el lunes en calle Laprida, entre 24 de Febrero y Noseda. En esta oportunidad el accidente se produjo entre dos ciclomotores. En uno de ellos se dirig\u00eda una mujer con su hija y el otro rodado era conducido por un hombre; todos ellos cayeron violentamente a la cinta asf\u00e1ltica.<br \/>\nComo consecuencia de ello, fueron derivadas al nosocomio local las dos ocupantes de una de las motos, mientras que el restante no quiso ser atendido. Sin embargo, este \u00faltimo se hizo presente en la guardia local, momento despu\u00e9s, y al ser examinado se determin\u00f3 que presentaba una fractura en el pie, por lo que debi\u00f3 ser intervenido quir\u00fargicamente.<\/p>\n","protected":false},"excerpt":{"rendered":"<p>El siniestro tuvo lugar el lunes en calle Laprida, entre 24 de Febrero y Noseda. En esta oportunidad el accidente se produjo entre dos ciclomotores. En uno de ellos se dirig\u00eda una mujer con su hija y el otro rodado era conducido por un hombre; todos ellos cayeron violentamente a la cinta asf\u00e1ltica. Como consecuencia [&hellip;]<\/p>\n","protected":false},"author":4,"featured_media":8004,"comment_status":"open","ping_status":"closed","sticky":false,"template":"","format":"standard","meta":{"om_disable_all_campaigns":false,"_jetpack_memberships_contains_paid_content":false,"footnotes":""},"categories":[2,103],"tags":[],"class_list":["post-8619","post","type-post","status-publish","format-standard","has-post-thumbnail","hentry","category-locales","category-policiales-locales"],"aioseo_notices":[],"gutentor_comment":0,"jetpack_featured_media_url":"https:\/\/eldiariodesanpedro.com.ar\/sitio\/wp-content\/uploads\/2016\/09\/PAGINA-3-7.jpg","jetpack_shortlink":"https:\/\/wp.me\/p6RhLt-2f1","jetpack_sharing_enabled":true,"_links":{"self":[{"href":"https:\/\/eldiariodesanpedro.com.ar\/sitio\/wp-json\/wp\/v2\/posts\/8619","targetHints":{"allow":["GET"]}}],"collection":[{"href":"https:\/\/eldiariodesanpedro.com.ar\/sitio\/wp-json\/wp\/v2\/posts"}],"about":[{"href":"https:\/\/eldiariodesanpedro.com.ar\/sitio\/wp-json\/wp\/v2\/types\/post"}],"author":[{"embeddable":true,"href":"https:\/\/eldiariodesanpedro.com.ar\/sitio\/wp-json\/wp\/v2\/users\/4"}],"replies":[{"embeddable":true,"href":"https:\/\/eldiariodesanpedro.com.ar\/sitio\/wp-json\/wp\/v2\/comments?post=8619"}],"version-history":[{"count":1,"href":"https:\/\/eldiariodesanpedro.com.ar\/sitio\/wp-json\/wp\/v2\/posts\/8619\/revisions"}],"predecessor-version":[{"id":8620,"href":"https:\/\/eldiariodesanpedro.com.ar\/sitio\/wp-json\/wp\/v2\/posts\/8619\/revisions\/8620"}],"wp:featuredmedia":[{"embeddable":true,"href":"https:\/\/eldiariodesanpedro.com.ar\/sitio\/wp-json\/wp\/v2\/media\/8004"}],"wp:attachment":[{"href":"https:\/\/eldiariodesanpedro.com.ar\/sitio\/wp-json\/wp\/v2\/media?parent=8619"}],"wp:term":[{"taxonomy":"category","embeddable":true,"href":"https:\/\/eldiariodesanpedro.com.ar\/sitio\/wp-json\/wp\/v2\/categories?post=8619"},{"taxonomy":"post_tag","embeddable":true,"href":"https:\/\/eldiariodesanpedro.com.ar\/sitio\/wp-json\/wp\/v2\/tags?post=8619"}],"curies":[{"name":"wp","href":"https:\/\/api.w.org\/{rel}","templated":true}]}}