{"id":86188,"date":"2021-01-19T11:04:34","date_gmt":"2021-01-19T14:04:34","guid":{"rendered":"https:\/\/eldiariodesanpedro.com.ar\/sitio\/?p=86188"},"modified":"2021-01-19T11:04:38","modified_gmt":"2021-01-19T14:04:38","slug":"denuncia-por-robo-de-una-motocicleta-en-la-madrugada","status":"publish","type":"post","link":"https:\/\/eldiariodesanpedro.com.ar\/sitio\/denuncia-por-robo-de-una-motocicleta-en-la-madrugada\/","title":{"rendered":"Denuncia por robo de una motocicleta en la madrugada"},"content":{"rendered":"<!-- VideographyWP Plugin Message: Automatic video embedding prevented by plugin options. -->\n\n<p>En la jornada de hoy martes se recibi\u00f3 la denuncia de un ciudadano que en horas de la madrugada sufri\u00f3 el robo de una motocicleta dentro de su casa.<\/p>\n\n\n\n<p>En la jornada de hoy se hace presente en la comisar\u00eda local un ciudadano de 39 a\u00f1os de edad domiciliado en calle Manuel Iglesias al 900 quien declar\u00f3 que autores ignorados tras forzar el port\u00f3n de Garage sustraen una motocicleta tipo 110 cc.<\/p>\n\n\n\n<p>Los efectivos policiales investigan el hecho para dar con el paradero de la misma.<\/p>\n","protected":false},"excerpt":{"rendered":"<p>En la jornada de hoy martes se recibi\u00f3 la denuncia de un ciudadano que en horas de la madrugada sufri\u00f3 el robo de una motocicleta dentro de su casa. En la jornada de hoy se hace presente en la comisar\u00eda local un ciudadano de 39 a\u00f1os de edad domiciliado en calle Manuel Iglesias al 900 [&hellip;]<\/p>\n","protected":false},"author":4,"featured_media":45394,"comment_status":"open","ping_status":"closed","sticky":false,"template":"","format":"standard","meta":{"om_disable_all_campaigns":false,"_jetpack_memberships_contains_paid_content":false,"footnotes":""},"categories":[2,103],"tags":[],"class_list":["post-86188","post","type-post","status-publish","format-standard","has-post-thumbnail","hentry","category-locales","category-policiales-locales"],"aioseo_notices":[],"gutentor_comment":0,"jetpack_featured_media_url":"https:\/\/eldiariodesanpedro.com.ar\/sitio\/wp-content\/uploads\/2019\/01\/comisaria.jpg","jetpack_shortlink":"https:\/\/wp.me\/p6RhLt-mq8","jetpack_sharing_enabled":true,"_links":{"self":[{"href":"https:\/\/eldiariodesanpedro.com.ar\/sitio\/wp-json\/wp\/v2\/posts\/86188","targetHints":{"allow":["GET"]}}],"collection":[{"href":"https:\/\/eldiariodesanpedro.com.ar\/sitio\/wp-json\/wp\/v2\/posts"}],"about":[{"href":"https:\/\/eldiariodesanpedro.com.ar\/sitio\/wp-json\/wp\/v2\/types\/post"}],"author":[{"embeddable":true,"href":"https:\/\/eldiariodesanpedro.com.ar\/sitio\/wp-json\/wp\/v2\/users\/4"}],"replies":[{"embeddable":true,"href":"https:\/\/eldiariodesanpedro.com.ar\/sitio\/wp-json\/wp\/v2\/comments?post=86188"}],"version-history":[{"count":1,"href":"https:\/\/eldiariodesanpedro.com.ar\/sitio\/wp-json\/wp\/v2\/posts\/86188\/revisions"}],"predecessor-version":[{"id":86189,"href":"https:\/\/eldiariodesanpedro.com.ar\/sitio\/wp-json\/wp\/v2\/posts\/86188\/revisions\/86189"}],"wp:featuredmedia":[{"embeddable":true,"href":"https:\/\/eldiariodesanpedro.com.ar\/sitio\/wp-json\/wp\/v2\/media\/45394"}],"wp:attachment":[{"href":"https:\/\/eldiariodesanpedro.com.ar\/sitio\/wp-json\/wp\/v2\/media?parent=86188"}],"wp:term":[{"taxonomy":"category","embeddable":true,"href":"https:\/\/eldiariodesanpedro.com.ar\/sitio\/wp-json\/wp\/v2\/categories?post=86188"},{"taxonomy":"post_tag","embeddable":true,"href":"https:\/\/eldiariodesanpedro.com.ar\/sitio\/wp-json\/wp\/v2\/tags?post=86188"}],"curies":[{"name":"wp","href":"https:\/\/api.w.org\/{rel}","templated":true}]}}