{"id":86175,"date":"2021-01-19T10:30:54","date_gmt":"2021-01-19T13:30:54","guid":{"rendered":"https:\/\/eldiariodesanpedro.com.ar\/sitio\/?p=86175"},"modified":"2021-01-19T10:30:58","modified_gmt":"2021-01-19T13:30:58","slug":"visitas-teatralizadas-en-el-buque-museo-ara-irigoyen-y-el-paseo-de-los-tuneles","status":"publish","type":"post","link":"https:\/\/eldiariodesanpedro.com.ar\/sitio\/visitas-teatralizadas-en-el-buque-museo-ara-irigoyen-y-el-paseo-de-los-tuneles\/","title":{"rendered":"Visitas teatralizadas  en el Buque Museo ARA Irigoyen y el Paseo de los T\u00faneles"},"content":{"rendered":"<!-- VideographyWP Plugin Message: Automatic video embedding prevented by plugin options. -->\n\n<p>A partir del s\u00e1bado 30 de enero, comenzaremos con las visitas teatralizadas en el Buque Museo ARA Irigoyen y el Paseo de los T\u00faneles, las mismas ser\u00e1n todos los s\u00e1bados a las 19 hs y los domingos a las 11 hs, respectivamente. <\/p>\n\n\n\n<p>Las visitas son libres y gratuitas con previa reserva en los museos por cupo limitado.<\/p>\n\n\n\n<p>Aprovechamos para destacar y agradecer el trabajo de Gabriela Bah\u00eda y Agustina Gonda que tienen a su cargo el recorrido.<\/p>\n\n\n\n<figure class=\"wp-block-image size-large\"><img decoding=\"async\" width=\"723\" height=\"1024\" data-attachment-id=\"86177\" data-permalink=\"https:\/\/eldiariodesanpedro.com.ar\/sitio\/visitas-teatralizadas-en-el-buque-museo-ara-irigoyen-y-el-paseo-de-los-tuneles\/140602186_3668348283259820_8955839253081940552_o\/\" data-orig-file=\"https:\/\/eldiariodesanpedro.com.ar\/sitio\/wp-content\/uploads\/2021\/01\/140602186_3668348283259820_8955839253081940552_o.jpg\" data-orig-size=\"904,1280\" data-comments-opened=\"1\" data-image-meta=\"{&quot;aperture&quot;:&quot;0&quot;,&quot;credit&quot;:&quot;&quot;,&quot;camera&quot;:&quot;&quot;,&quot;caption&quot;:&quot;&quot;,&quot;created_timestamp&quot;:&quot;0&quot;,&quot;copyright&quot;:&quot;&quot;,&quot;focal_length&quot;:&quot;0&quot;,&quot;iso&quot;:&quot;0&quot;,&quot;shutter_speed&quot;:&quot;0&quot;,&quot;title&quot;:&quot;&quot;,&quot;orientation&quot;:&quot;0&quot;}\" data-image-title=\"140602186_3668348283259820_8955839253081940552_o\" data-image-description=\"\" data-image-caption=\"\" data-large-file=\"https:\/\/eldiariodesanpedro.com.ar\/sitio\/wp-content\/uploads\/2021\/01\/140602186_3668348283259820_8955839253081940552_o-723x1024.jpg\" data-src=\"https:\/\/eldiariodesanpedro.com.ar\/sitio\/wp-content\/uploads\/2021\/01\/140602186_3668348283259820_8955839253081940552_o-723x1024.jpg\" alt=\"\" class=\"wp-image-86177 lazyload\" data-srcset=\"https:\/\/eldiariodesanpedro.com.ar\/sitio\/wp-content\/uploads\/2021\/01\/140602186_3668348283259820_8955839253081940552_o-723x1024.jpg 723w, https:\/\/eldiariodesanpedro.com.ar\/sitio\/wp-content\/uploads\/2021\/01\/140602186_3668348283259820_8955839253081940552_o-212x300.jpg 212w, https:\/\/eldiariodesanpedro.com.ar\/sitio\/wp-content\/uploads\/2021\/01\/140602186_3668348283259820_8955839253081940552_o-768x1087.jpg 768w, https:\/\/eldiariodesanpedro.com.ar\/sitio\/wp-content\/uploads\/2021\/01\/140602186_3668348283259820_8955839253081940552_o.jpg 904w\" data-sizes=\"(max-width: 723px) 100vw, 723px\" src=\"data:image\/svg+xml;base64,PHN2ZyB3aWR0aD0iMSIgaGVpZ2h0PSIxIiB4bWxucz0iaHR0cDovL3d3dy53My5vcmcvMjAwMC9zdmciPjwvc3ZnPg==\" style=\"--smush-placeholder-width: 723px; --smush-placeholder-aspect-ratio: 723\/1024;\" \/><\/figure>\n\n\n\n<figure class=\"wp-block-image size-large\"><img decoding=\"async\" width=\"723\" height=\"1024\" data-attachment-id=\"86178\" data-permalink=\"https:\/\/eldiariodesanpedro.com.ar\/sitio\/visitas-teatralizadas-en-el-buque-museo-ara-irigoyen-y-el-paseo-de-los-tuneles\/139713877_3668348279926487_5667389957893786066_o\/\" data-orig-file=\"https:\/\/eldiariodesanpedro.com.ar\/sitio\/wp-content\/uploads\/2021\/01\/139713877_3668348279926487_5667389957893786066_o.jpg\" data-orig-size=\"904,1280\" data-comments-opened=\"1\" data-image-meta=\"{&quot;aperture&quot;:&quot;0&quot;,&quot;credit&quot;:&quot;&quot;,&quot;camera&quot;:&quot;&quot;,&quot;caption&quot;:&quot;&quot;,&quot;created_timestamp&quot;:&quot;0&quot;,&quot;copyright&quot;:&quot;&quot;,&quot;focal_length&quot;:&quot;0&quot;,&quot;iso&quot;:&quot;0&quot;,&quot;shutter_speed&quot;:&quot;0&quot;,&quot;title&quot;:&quot;&quot;,&quot;orientation&quot;:&quot;0&quot;}\" data-image-title=\"139713877_3668348279926487_5667389957893786066_o\" data-image-description=\"\" data-image-caption=\"\" data-large-file=\"https:\/\/eldiariodesanpedro.com.ar\/sitio\/wp-content\/uploads\/2021\/01\/139713877_3668348279926487_5667389957893786066_o-723x1024.jpg\" data-src=\"https:\/\/eldiariodesanpedro.com.ar\/sitio\/wp-content\/uploads\/2021\/01\/139713877_3668348279926487_5667389957893786066_o-723x1024.jpg\" alt=\"\" class=\"wp-image-86178 lazyload\" data-srcset=\"https:\/\/eldiariodesanpedro.com.ar\/sitio\/wp-content\/uploads\/2021\/01\/139713877_3668348279926487_5667389957893786066_o-723x1024.jpg 723w, https:\/\/eldiariodesanpedro.com.ar\/sitio\/wp-content\/uploads\/2021\/01\/139713877_3668348279926487_5667389957893786066_o-212x300.jpg 212w, https:\/\/eldiariodesanpedro.com.ar\/sitio\/wp-content\/uploads\/2021\/01\/139713877_3668348279926487_5667389957893786066_o-768x1087.jpg 768w, https:\/\/eldiariodesanpedro.com.ar\/sitio\/wp-content\/uploads\/2021\/01\/139713877_3668348279926487_5667389957893786066_o.jpg 904w\" data-sizes=\"(max-width: 723px) 100vw, 723px\" src=\"data:image\/svg+xml;base64,PHN2ZyB3aWR0aD0iMSIgaGVpZ2h0PSIxIiB4bWxucz0iaHR0cDovL3d3dy53My5vcmcvMjAwMC9zdmciPjwvc3ZnPg==\" style=\"--smush-placeholder-width: 723px; --smush-placeholder-aspect-ratio: 723\/1024;\" \/><\/figure>\n","protected":false},"excerpt":{"rendered":"<p>A partir del s\u00e1bado 30 de enero, comenzaremos con las visitas teatralizadas en el Buque Museo ARA Irigoyen y el Paseo de los T\u00faneles, las mismas ser\u00e1n todos los s\u00e1bados a las 19 hs y los domingos a las 11 hs, respectivamente. Las visitas son libres y gratuitas con previa reserva en los museos por [&hellip;]<\/p>\n","protected":false},"author":4,"featured_media":86176,"comment_status":"open","ping_status":"closed","sticky":false,"template":"","format":"standard","meta":{"om_disable_all_campaigns":false,"_jetpack_memberships_contains_paid_content":false,"footnotes":""},"categories":[101,2],"tags":[],"class_list":["post-86175","post","type-post","status-publish","format-standard","has-post-thumbnail","hentry","category-interes-general-locales","category-locales"],"aioseo_notices":[],"gutentor_comment":0,"jetpack_featured_media_url":"https:\/\/eldiariodesanpedro.com.ar\/sitio\/wp-content\/uploads\/2021\/01\/Sin-titulo-1-6.jpg","jetpack_shortlink":"https:\/\/wp.me\/p6RhLt-mpV","jetpack_sharing_enabled":true,"_links":{"self":[{"href":"https:\/\/eldiariodesanpedro.com.ar\/sitio\/wp-json\/wp\/v2\/posts\/86175","targetHints":{"allow":["GET"]}}],"collection":[{"href":"https:\/\/eldiariodesanpedro.com.ar\/sitio\/wp-json\/wp\/v2\/posts"}],"about":[{"href":"https:\/\/eldiariodesanpedro.com.ar\/sitio\/wp-json\/wp\/v2\/types\/post"}],"author":[{"embeddable":true,"href":"https:\/\/eldiariodesanpedro.com.ar\/sitio\/wp-json\/wp\/v2\/users\/4"}],"replies":[{"embeddable":true,"href":"https:\/\/eldiariodesanpedro.com.ar\/sitio\/wp-json\/wp\/v2\/comments?post=86175"}],"version-history":[{"count":1,"href":"https:\/\/eldiariodesanpedro.com.ar\/sitio\/wp-json\/wp\/v2\/posts\/86175\/revisions"}],"predecessor-version":[{"id":86179,"href":"https:\/\/eldiariodesanpedro.com.ar\/sitio\/wp-json\/wp\/v2\/posts\/86175\/revisions\/86179"}],"wp:featuredmedia":[{"embeddable":true,"href":"https:\/\/eldiariodesanpedro.com.ar\/sitio\/wp-json\/wp\/v2\/media\/86176"}],"wp:attachment":[{"href":"https:\/\/eldiariodesanpedro.com.ar\/sitio\/wp-json\/wp\/v2\/media?parent=86175"}],"wp:term":[{"taxonomy":"category","embeddable":true,"href":"https:\/\/eldiariodesanpedro.com.ar\/sitio\/wp-json\/wp\/v2\/categories?post=86175"},{"taxonomy":"post_tag","embeddable":true,"href":"https:\/\/eldiariodesanpedro.com.ar\/sitio\/wp-json\/wp\/v2\/tags?post=86175"}],"curies":[{"name":"wp","href":"https:\/\/api.w.org\/{rel}","templated":true}]}}