{"id":86173,"date":"2021-01-19T10:16:10","date_gmt":"2021-01-19T13:16:10","guid":{"rendered":"https:\/\/eldiariodesanpedro.com.ar\/sitio\/?p=86173"},"modified":"2021-01-19T10:16:13","modified_gmt":"2021-01-19T13:16:13","slug":"los-casos-continuan-bajando-nuevamente-los-activos-son-159-hasta-hoy","status":"publish","type":"post","link":"https:\/\/eldiariodesanpedro.com.ar\/sitio\/los-casos-continuan-bajando-nuevamente-los-activos-son-159-hasta-hoy\/","title":{"rendered":"Los casos contin\u00faan bajando nuevamente, los activos son 159 hasta hoy"},"content":{"rendered":"<!-- VideographyWP Plugin Message: Automatic video embedding prevented by plugin options. -->\n\n<p>La Secretar\u00eda de Salud de la Municipalidad de San Pedro brinda el informe oficial diario actualizado con datos recopilados hasta el momento con relaci\u00f3n al seguimiento a la Pandemia de Covid-19.<\/p>\n\n\n\n<ul class=\"wp-block-list\"><li>INFORME DIARIO<\/li><li>Se recibieron 11 resultados de las muestras enviadas el d\u00eda 16 de enero al Laboratorio Central Lab, que sumaron 5 negativos y 6 positivos que corresponden a mujeres de 19, 23 y 30 a\u00f1os; y hombres de 35 y 49(2) a\u00f1os. Queda pendiente de ese env\u00edo 1 muestra.<\/li><\/ul>\n\n\n\n<p>Total de nuevos positivos: 6<br>Total de nuevos negativos: 5<\/p>\n\n\n\n<p>ALTAS<br>Se cargaron 31 altas<br>Detalle:<br>Mujeres de 17(3), 24(2), 26, 28, 32, 34, 41, 42(2), 43(2), 46(2), 55(2), 66 y 83 a\u00f1os.<br>Hombres de 14, 15, 22(2), 23, 30, 33, 38, 41, 42 y 48 a\u00f1os.<\/p>\n\n\n\n<p>VACUNACI\u00d3N<br>Desde el inicio de la segunda etapa de la vacunaci\u00f3n, se aplicaron 96 nuevas dosis totalizando 631 vacunas contra el Covid-19.<\/p>\n\n\n\n<p>Resumen actualizado de informaci\u00f3n oficial<br>Positivos desde el inicio de la Pandemia: 2062<br>Activos: 159<br>Recuperados: 1836<br>Fallecidos: 67<br>\u00daltimo env\u00edo de muestras: 00<br>Muestras pendientes: 12<br>Negativos desde el inicio de la Pandemia: 2809<br>Los datos consignados en este informe corresponden a ex\u00e1menes realizados por PCR.<\/p>\n\n\n\n<p>&#x1f449; Usar tapabocas.<br>&#x1f449; Mantener la distancia m\u00ednima de 2 metros.<br>&#x1f449; Extremar la higiene de los espacios.<br>&#x1f449; Mantener las manos limpias.<\/p>\n\n\n\n<p>Se recuerda que, ante s\u00edntomas de tos seca, fiebre y dolor de garganta y la probabilidad de haber estado en contacto con enfermos o viajeros llegados desde las zonas transmisi\u00f3n local o comunitaria se puede llamar al 148 o 107.<\/p>\n","protected":false},"excerpt":{"rendered":"<p>La Secretar\u00eda de Salud de la Municipalidad de San Pedro brinda el informe oficial diario actualizado con datos recopilados hasta el momento con relaci\u00f3n al seguimiento a la Pandemia de Covid-19. INFORME DIARIO Se recibieron 11 resultados de las muestras enviadas el d\u00eda 16 de enero al Laboratorio Central Lab, que sumaron 5 negativos y [&hellip;]<\/p>\n","protected":false},"author":4,"featured_media":79200,"comment_status":"open","ping_status":"closed","sticky":false,"template":"","format":"standard","meta":{"om_disable_all_campaigns":false,"_jetpack_memberships_contains_paid_content":false,"footnotes":""},"categories":[101,2],"tags":[],"class_list":["post-86173","post","type-post","status-publish","format-standard","has-post-thumbnail","hentry","category-interes-general-locales","category-locales"],"aioseo_notices":[],"gutentor_comment":0,"jetpack_featured_media_url":"https:\/\/eldiariodesanpedro.com.ar\/sitio\/wp-content\/uploads\/2020\/08\/FTRRV773PNB3RI4W5LP3O7ZVUI.jpg","jetpack_shortlink":"https:\/\/wp.me\/p6RhLt-mpT","jetpack_sharing_enabled":true,"_links":{"self":[{"href":"https:\/\/eldiariodesanpedro.com.ar\/sitio\/wp-json\/wp\/v2\/posts\/86173","targetHints":{"allow":["GET"]}}],"collection":[{"href":"https:\/\/eldiariodesanpedro.com.ar\/sitio\/wp-json\/wp\/v2\/posts"}],"about":[{"href":"https:\/\/eldiariodesanpedro.com.ar\/sitio\/wp-json\/wp\/v2\/types\/post"}],"author":[{"embeddable":true,"href":"https:\/\/eldiariodesanpedro.com.ar\/sitio\/wp-json\/wp\/v2\/users\/4"}],"replies":[{"embeddable":true,"href":"https:\/\/eldiariodesanpedro.com.ar\/sitio\/wp-json\/wp\/v2\/comments?post=86173"}],"version-history":[{"count":1,"href":"https:\/\/eldiariodesanpedro.com.ar\/sitio\/wp-json\/wp\/v2\/posts\/86173\/revisions"}],"predecessor-version":[{"id":86174,"href":"https:\/\/eldiariodesanpedro.com.ar\/sitio\/wp-json\/wp\/v2\/posts\/86173\/revisions\/86174"}],"wp:featuredmedia":[{"embeddable":true,"href":"https:\/\/eldiariodesanpedro.com.ar\/sitio\/wp-json\/wp\/v2\/media\/79200"}],"wp:attachment":[{"href":"https:\/\/eldiariodesanpedro.com.ar\/sitio\/wp-json\/wp\/v2\/media?parent=86173"}],"wp:term":[{"taxonomy":"category","embeddable":true,"href":"https:\/\/eldiariodesanpedro.com.ar\/sitio\/wp-json\/wp\/v2\/categories?post=86173"},{"taxonomy":"post_tag","embeddable":true,"href":"https:\/\/eldiariodesanpedro.com.ar\/sitio\/wp-json\/wp\/v2\/tags?post=86173"}],"curies":[{"name":"wp","href":"https:\/\/api.w.org\/{rel}","templated":true}]}}