{"id":86170,"date":"2021-01-19T10:12:52","date_gmt":"2021-01-19T13:12:52","guid":{"rendered":"https:\/\/eldiariodesanpedro.com.ar\/sitio\/?p=86170"},"modified":"2021-01-19T10:12:56","modified_gmt":"2021-01-19T13:12:56","slug":"asaltaron-y-apunalaron-al-presidente-del-club-parana-gustavo-seery","status":"publish","type":"post","link":"https:\/\/eldiariodesanpedro.com.ar\/sitio\/asaltaron-y-apunalaron-al-presidente-del-club-parana-gustavo-seery\/","title":{"rendered":"Asaltaron y apu\u00f1alaron al Presidente del Club Paran\u00e1 Gustavo Seery"},"content":{"rendered":"<!-- VideographyWP Plugin Message: Automatic video embedding prevented by plugin options. -->\n\n<p>El ex presidente de Paran\u00e1 FC recibi\u00f3 un puntazo por la espalda luego de que le sustrajeran el celular en pleno centro.\u00a0<\/p>\n\n\n\n<p>El ex presidente de Paran\u00e1 FC, Gustavo Seery salv\u00f3 su vida de milagro luego de que sea asaltado y apu\u00f1alado por dos delincuentes.\u00a0Aconteci\u00f3 en la medianoche del domingo cuando regresaba de la cochera en donde guarda el auto.\u00a0<\/p>\n\n\n\n<p>El dirigente fue interceptado por los sujetos que se movilizaban en moto en inmediaciones de Balcarce y Miguel Porta. Los ladrones le pidieron que les entregue su celular y a pesar de que as\u00ed lo hizo no bast\u00f3 y uno de los malvivientes le aplic\u00f3 un puntazo en la espalda mientras que el otro le apoy\u00f3 una cuchilla en el pecho.<\/p>\n\n\n\n<p>Los ladrones se dieron r\u00e1pidamente a la fuga dejando a Seery herido y desamparado sobre la vereda.<\/p>\n\n\n\n<p>Como pudo se traslad\u00f3 hasta el cord\u00f3n donde fue visto por una pareja que circulaba en auto y lo auxili\u00f3. Fue llevado hasta la guardia del Hospital en donde fue asistido y curado de las lesiones que milagrosamente no llegaron a afectarle los \u00f3rganos vitales.&nbsp;<\/p>\n\n\n\n<p>La causa qued\u00f3 en manos de la fiscal Viviani y se procura reunir datos para dar con los autores del hecho.\u00a0\u00a0<\/p>\n\n\n\n<p>Fuente: <a href=\"https:\/\/www.sanpedroinforma.com.ar\/nota\/123949\/interes-general\/asaltaron-y-apunalaron-al-dirigente-gustavo-seery.html\">San Pedro Informa<\/a><\/p>\n","protected":false},"excerpt":{"rendered":"<p>El ex presidente de Paran\u00e1 FC recibi\u00f3 un puntazo por la espalda luego de que le sustrajeran el celular en pleno centro.\u00a0 El ex presidente de Paran\u00e1 FC, Gustavo Seery salv\u00f3 su vida de milagro luego de que sea asaltado y apu\u00f1alado por dos delincuentes.\u00a0Aconteci\u00f3 en la medianoche del domingo cuando regresaba de la cochera [&hellip;]<\/p>\n","protected":false},"author":4,"featured_media":86171,"comment_status":"open","ping_status":"closed","sticky":false,"template":"","format":"standard","meta":{"om_disable_all_campaigns":false,"_jetpack_memberships_contains_paid_content":false,"footnotes":""},"categories":[50,2,103],"tags":[],"class_list":["post-86170","post","type-post","status-publish","format-standard","has-post-thumbnail","hentry","category-destacadas","category-locales","category-policiales-locales"],"aioseo_notices":[],"gutentor_comment":0,"jetpack_featured_media_url":"https:\/\/eldiariodesanpedro.com.ar\/sitio\/wp-content\/uploads\/2021\/01\/000089469.jpg","jetpack_shortlink":"https:\/\/wp.me\/p6RhLt-mpQ","jetpack_sharing_enabled":true,"_links":{"self":[{"href":"https:\/\/eldiariodesanpedro.com.ar\/sitio\/wp-json\/wp\/v2\/posts\/86170","targetHints":{"allow":["GET"]}}],"collection":[{"href":"https:\/\/eldiariodesanpedro.com.ar\/sitio\/wp-json\/wp\/v2\/posts"}],"about":[{"href":"https:\/\/eldiariodesanpedro.com.ar\/sitio\/wp-json\/wp\/v2\/types\/post"}],"author":[{"embeddable":true,"href":"https:\/\/eldiariodesanpedro.com.ar\/sitio\/wp-json\/wp\/v2\/users\/4"}],"replies":[{"embeddable":true,"href":"https:\/\/eldiariodesanpedro.com.ar\/sitio\/wp-json\/wp\/v2\/comments?post=86170"}],"version-history":[{"count":1,"href":"https:\/\/eldiariodesanpedro.com.ar\/sitio\/wp-json\/wp\/v2\/posts\/86170\/revisions"}],"predecessor-version":[{"id":86172,"href":"https:\/\/eldiariodesanpedro.com.ar\/sitio\/wp-json\/wp\/v2\/posts\/86170\/revisions\/86172"}],"wp:featuredmedia":[{"embeddable":true,"href":"https:\/\/eldiariodesanpedro.com.ar\/sitio\/wp-json\/wp\/v2\/media\/86171"}],"wp:attachment":[{"href":"https:\/\/eldiariodesanpedro.com.ar\/sitio\/wp-json\/wp\/v2\/media?parent=86170"}],"wp:term":[{"taxonomy":"category","embeddable":true,"href":"https:\/\/eldiariodesanpedro.com.ar\/sitio\/wp-json\/wp\/v2\/categories?post=86170"},{"taxonomy":"post_tag","embeddable":true,"href":"https:\/\/eldiariodesanpedro.com.ar\/sitio\/wp-json\/wp\/v2\/tags?post=86170"}],"curies":[{"name":"wp","href":"https:\/\/api.w.org\/{rel}","templated":true}]}}