{"id":86167,"date":"2021-01-19T09:55:50","date_gmt":"2021-01-19T12:55:50","guid":{"rendered":"https:\/\/eldiariodesanpedro.com.ar\/sitio\/?p=86167"},"modified":"2021-01-19T09:55:53","modified_gmt":"2021-01-19T12:55:53","slug":"el-centro-de-comercio-respalda-planteos-por-la-recategorizacion-del-monotributo-y-el-mal-funcionamiento-del-sitio-web-de-la-afip","status":"publish","type":"post","link":"https:\/\/eldiariodesanpedro.com.ar\/sitio\/el-centro-de-comercio-respalda-planteos-por-la-recategorizacion-del-monotributo-y-el-mal-funcionamiento-del-sitio-web-de-la-afip\/","title":{"rendered":"El Centro de Comercio respalda planteos por la recategorizaci\u00f3n del Monotributo y el mal funcionamiento del sitio web de la AFIP"},"content":{"rendered":"<!-- VideographyWP Plugin Message: Automatic video embedding prevented by plugin options. -->\n\n<p>La Comisi\u00f3n Directiva del Centro de Comercio, Industria y Turismo de San Pedro elev\u00f3 con fecha 15 de enero de 2021, notas dirigidas al Presidente de la C\u00e1mara Argentina de Comercio y Servicios Mario Grinman y al Presidente de la&nbsp; Confederaci\u00f3n Argentina de la Mediana Empresa Gerardo D\u00edaz Beltr\u00e1n, con el prop\u00f3sito de respaldar los un\u00e1nimes reclamos que se vienen reiterando, por cuestiones que afectan seriamente a los sectores representados por estas entidades.<\/p>\n\n\n\n<p>El Centro de Comercio Industria y Turismo de San Pedro ha puntualizado la enorme preocupaci\u00f3n que existe ante la&nbsp; recategorizaci\u00f3n del Monotributo dispuesta en el art\u00edculo 20 de la Resoluci\u00f3n General (AFIP) 4309 y por el \u00abel calamitoso funcionamiento de la p\u00e1gina web de la Administraci\u00f3n Federal de Ingresos P\u00fablicos.\u00bb&nbsp;<\/p>\n\n\n\n<p>Las cartas apuntan a las dificultades que enfrentan todos los usuarios y contribuyentes para realizar tr\u00e1mites confeccionar facturas y presentar el libro IVA Digital entre otros inconvenientes.<\/p>\n\n\n\n<p>Con relaci\u00f3n a la recategorizaci\u00f3n del Monotributo se cuestiona la obligatoriedad de hacerlo a valores de tablas publicadas al 01\/01\/2020 sin contemplar actualizaci\u00f3n alguna, desconociendo la inflaci\u00f3n y la situaci\u00f3n de pandemia por la que se atraves\u00f3 durante el a\u00f1o transcurrido.\u00bb&nbsp;<\/p>\n\n\n\n<p>A trav\u00e9s de estas notas, el CCIT se ha sumado al reclamo elevado por la Federaci\u00f3n Argentina de Consejos Profesionales de Ciencias Econ\u00f3micas que han solicitado una audiencia urgente con la Administradora Federal de Ingresos P\u00fablicos Lic. Mercedes Marc\u00f3 del Pont y la elevaci\u00f3n de estas inquietudes al gobierno nacional, solicitando prorrogar el vencimiento de la recategorizaci\u00f3n a monotributistas y la actualizaci\u00f3n de los valores informados.<\/p>\n\n\n\n<p><strong>Cabe destacar que el anuncio reciente realizado por la AFIP, luego de la presentaci\u00f3n de estas solicitudes, con una extensi\u00f3n del plazo para la recategorizaci\u00f3n del monotributo hasta el 31 de enero, extiende s\u00f3lo 10 d\u00edas el plazo original y es considerado insuficiente, ante la compleja situaci\u00f3n descripta y conocida por todos.<\/strong><\/p>\n","protected":false},"excerpt":{"rendered":"<p>La Comisi\u00f3n Directiva del Centro de Comercio, Industria y Turismo de San Pedro elev\u00f3 con fecha 15 de enero de 2021, notas dirigidas al Presidente de la C\u00e1mara Argentina de Comercio y Servicios Mario Grinman y al Presidente de la&nbsp; Confederaci\u00f3n Argentina de la Mediana Empresa Gerardo D\u00edaz Beltr\u00e1n, con el prop\u00f3sito de respaldar los [&hellip;]<\/p>\n","protected":false},"author":4,"featured_media":86168,"comment_status":"open","ping_status":"closed","sticky":false,"template":"","format":"standard","meta":{"om_disable_all_campaigns":false,"_jetpack_memberships_contains_paid_content":false,"footnotes":""},"categories":[101,2],"tags":[],"class_list":["post-86167","post","type-post","status-publish","format-standard","has-post-thumbnail","hentry","category-interes-general-locales","category-locales"],"aioseo_notices":[],"gutentor_comment":0,"jetpack_featured_media_url":"https:\/\/eldiariodesanpedro.com.ar\/sitio\/wp-content\/uploads\/2021\/01\/AFIP-2.jpg","jetpack_shortlink":"https:\/\/wp.me\/p6RhLt-mpN","jetpack_sharing_enabled":true,"_links":{"self":[{"href":"https:\/\/eldiariodesanpedro.com.ar\/sitio\/wp-json\/wp\/v2\/posts\/86167","targetHints":{"allow":["GET"]}}],"collection":[{"href":"https:\/\/eldiariodesanpedro.com.ar\/sitio\/wp-json\/wp\/v2\/posts"}],"about":[{"href":"https:\/\/eldiariodesanpedro.com.ar\/sitio\/wp-json\/wp\/v2\/types\/post"}],"author":[{"embeddable":true,"href":"https:\/\/eldiariodesanpedro.com.ar\/sitio\/wp-json\/wp\/v2\/users\/4"}],"replies":[{"embeddable":true,"href":"https:\/\/eldiariodesanpedro.com.ar\/sitio\/wp-json\/wp\/v2\/comments?post=86167"}],"version-history":[{"count":1,"href":"https:\/\/eldiariodesanpedro.com.ar\/sitio\/wp-json\/wp\/v2\/posts\/86167\/revisions"}],"predecessor-version":[{"id":86169,"href":"https:\/\/eldiariodesanpedro.com.ar\/sitio\/wp-json\/wp\/v2\/posts\/86167\/revisions\/86169"}],"wp:featuredmedia":[{"embeddable":true,"href":"https:\/\/eldiariodesanpedro.com.ar\/sitio\/wp-json\/wp\/v2\/media\/86168"}],"wp:attachment":[{"href":"https:\/\/eldiariodesanpedro.com.ar\/sitio\/wp-json\/wp\/v2\/media?parent=86167"}],"wp:term":[{"taxonomy":"category","embeddable":true,"href":"https:\/\/eldiariodesanpedro.com.ar\/sitio\/wp-json\/wp\/v2\/categories?post=86167"},{"taxonomy":"post_tag","embeddable":true,"href":"https:\/\/eldiariodesanpedro.com.ar\/sitio\/wp-json\/wp\/v2\/tags?post=86167"}],"curies":[{"name":"wp","href":"https:\/\/api.w.org\/{rel}","templated":true}]}}