{"id":86165,"date":"2021-01-19T09:52:11","date_gmt":"2021-01-19T12:52:11","guid":{"rendered":"https:\/\/eldiariodesanpedro.com.ar\/sitio\/?p=86165"},"modified":"2021-01-19T09:52:15","modified_gmt":"2021-01-19T12:52:15","slug":"cronograma-pagos-de-anses-para-hoy-martes","status":"publish","type":"post","link":"https:\/\/eldiariodesanpedro.com.ar\/sitio\/cronograma-pagos-de-anses-para-hoy-martes\/","title":{"rendered":"Cronograma pagos de Anses para hoy martes"},"content":{"rendered":"<!-- VideographyWP Plugin Message: Automatic video embedding prevented by plugin options. -->\n\n<p><strong>La ANSES, organismo a cargo de Fernanda Raverta, informa que hoy se abonan jubilaciones, pensiones, Asignaci\u00f3n Universal por Hijo y por Embarazo, Asignaciones Familiares, Programa ATP y Fortalecer Cultura.<\/strong><\/p>\n\n\n\n<p><strong>Jubilaciones\u00a0y\u00a0pensiones\u00a0del Sistema Integrado Previsional Argentino (SIPA)<\/strong><br>Las sucursales bancarias habilitadas atender\u00e1n por ventanilla solo a los\u00a0jubilados\u00a0y pensionados con documentos terminados en\u00a0<strong>6\u00a0<\/strong>cuyos<strong>\u00a0haberes NO SUPEREN la suma de $21.393<\/strong>.<br>En este sentido, si bien estas personas no tienen que solicitar turno previo para cobrar el beneficio,\u00a0deben acercarse a la sucursal bancaria \u00fanicamente en la fecha asignada. Cabe recordar que los haberes permanecer\u00e1n depositados en sus cuentas.<\/p>\n\n\n\n<p><strong>Asignaci\u00f3n Universal por Hijo (AUH) y Asignaci\u00f3n Familiar por Hijo<\/strong><br>Con la utilizaci\u00f3n de la tarjeta de d\u00e9bito, hoy perciben la Asignaci\u00f3n Universal por Hijo y la Asignaci\u00f3n Familiar por Hijo los titulares con documentos concluidos en\u00a0<strong>5<\/strong>.<\/p>\n\n\n\n<p><strong>Asignaci\u00f3n Universal por Embarazo (AUE)<\/strong><br>Con la utilizaci\u00f3n de la tarjeta de d\u00e9bito, hoy perciben la Asignaci\u00f3n Universal por Embarazo las titulares con documentos concluidos en\u00a0<strong>6<\/strong>.<\/p>\n\n\n\n<p><strong>Asignaciones por\u00a0Prenatal\u00a0y por Maternidad<\/strong><br>Las titulares de la Asignaci\u00f3n por\u00a0Prenatal\u00a0y Asignaci\u00f3n por Maternidad con documentos terminados en\u00a0<strong>8\u00a0<\/strong>y<strong>\u00a09<\/strong>\u00a0cobran hoy su prestaci\u00f3n.<\/p>\n\n\n\n<p><strong>Programa ATP<\/strong><br>Hoy se pagan sueldos complementarios del programa de Asistencia de Emergencia al Trabajo y la Producci\u00f3n (ATP) de la AFIP.<\/p>\n\n\n\n<p><strong>Fortalecer Cultura<\/strong><br><strong>Hoy se abona la tercera cuota del programa Fortalecer Cultura del Ministerio de Cultura de la Naci\u00f3n a trabajadores y trabajadoras de ese rubro con el objetivo de colaborar y estar cerca de la comunidad art\u00edstica.<\/strong><\/p>\n","protected":false},"excerpt":{"rendered":"<p>La ANSES, organismo a cargo de Fernanda Raverta, informa que hoy se abonan jubilaciones, pensiones, Asignaci\u00f3n Universal por Hijo y por Embarazo, Asignaciones Familiares, Programa ATP y Fortalecer Cultura. Jubilaciones\u00a0y\u00a0pensiones\u00a0del Sistema Integrado Previsional Argentino (SIPA)Las sucursales bancarias habilitadas atender\u00e1n por ventanilla solo a los\u00a0jubilados\u00a0y pensionados con documentos terminados en\u00a06\u00a0cuyos\u00a0haberes NO SUPEREN la suma de $21.393.En [&hellip;]<\/p>\n","protected":false},"author":4,"featured_media":74872,"comment_status":"open","ping_status":"closed","sticky":false,"template":"","format":"standard","meta":{"om_disable_all_campaigns":false,"_jetpack_memberships_contains_paid_content":false,"footnotes":""},"categories":[101,2],"tags":[],"class_list":["post-86165","post","type-post","status-publish","format-standard","has-post-thumbnail","hentry","category-interes-general-locales","category-locales"],"aioseo_notices":[],"gutentor_comment":0,"jetpack_featured_media_url":"https:\/\/eldiariodesanpedro.com.ar\/sitio\/wp-content\/uploads\/2020\/06\/SM-anses-07052020.jpeg","jetpack_shortlink":"https:\/\/wp.me\/p6RhLt-mpL","jetpack_sharing_enabled":true,"_links":{"self":[{"href":"https:\/\/eldiariodesanpedro.com.ar\/sitio\/wp-json\/wp\/v2\/posts\/86165","targetHints":{"allow":["GET"]}}],"collection":[{"href":"https:\/\/eldiariodesanpedro.com.ar\/sitio\/wp-json\/wp\/v2\/posts"}],"about":[{"href":"https:\/\/eldiariodesanpedro.com.ar\/sitio\/wp-json\/wp\/v2\/types\/post"}],"author":[{"embeddable":true,"href":"https:\/\/eldiariodesanpedro.com.ar\/sitio\/wp-json\/wp\/v2\/users\/4"}],"replies":[{"embeddable":true,"href":"https:\/\/eldiariodesanpedro.com.ar\/sitio\/wp-json\/wp\/v2\/comments?post=86165"}],"version-history":[{"count":1,"href":"https:\/\/eldiariodesanpedro.com.ar\/sitio\/wp-json\/wp\/v2\/posts\/86165\/revisions"}],"predecessor-version":[{"id":86166,"href":"https:\/\/eldiariodesanpedro.com.ar\/sitio\/wp-json\/wp\/v2\/posts\/86165\/revisions\/86166"}],"wp:featuredmedia":[{"embeddable":true,"href":"https:\/\/eldiariodesanpedro.com.ar\/sitio\/wp-json\/wp\/v2\/media\/74872"}],"wp:attachment":[{"href":"https:\/\/eldiariodesanpedro.com.ar\/sitio\/wp-json\/wp\/v2\/media?parent=86165"}],"wp:term":[{"taxonomy":"category","embeddable":true,"href":"https:\/\/eldiariodesanpedro.com.ar\/sitio\/wp-json\/wp\/v2\/categories?post=86165"},{"taxonomy":"post_tag","embeddable":true,"href":"https:\/\/eldiariodesanpedro.com.ar\/sitio\/wp-json\/wp\/v2\/tags?post=86165"}],"curies":[{"name":"wp","href":"https:\/\/api.w.org\/{rel}","templated":true}]}}