{"id":86159,"date":"2021-01-18T19:02:31","date_gmt":"2021-01-18T22:02:31","guid":{"rendered":"https:\/\/eldiariodesanpedro.com.ar\/sitio\/?p=86159"},"modified":"2021-01-18T19:02:35","modified_gmt":"2021-01-18T22:02:35","slug":"arrecifes-accidente-fatal-en-ruta-8-2","status":"publish","type":"post","link":"https:\/\/eldiariodesanpedro.com.ar\/sitio\/arrecifes-accidente-fatal-en-ruta-8-2\/","title":{"rendered":"ARRECIFES | Accidente fatal en Ruta 8"},"content":{"rendered":"<!-- VideographyWP Plugin Message: Automatic video embedding prevented by plugin options. -->\n\n<p>Un fin de semana negro vive Arrecifes con una sucesi\u00f3n de hechos luctuosos. A los tres fallecimientos por Covid ocurridos este s\u00e1bado, se sum\u00f3 el tr\u00e1gico deceso de un ni\u00f1o que cay\u00f3 en una pileta y, a las 6 de la ma\u00f1ana de hoy se produjo un siniestro de tr\u00e1nsito fatal.<\/p>\n\n\n\n<p>Lautaro Fern\u00e1ndez, de 21 a\u00f1os de edad, circulaba por ruta 8 en una moto Rouser 200 cc. desde Villa Sanguinetti hacia la zona c\u00e9ntrica y, a la altura de la curva del Hotel Arrecifes, perdi\u00f3 el control del rodado.<\/p>\n\n\n\n<p>Saliendo de la cinta asf\u00e1ltica, impact\u00f3 violentamente contra el tapial que rodea al hotel y contra una columna. Lamentablemente, el joven perdi\u00f3 la vida de inmediato. Una aut\u00e9ntica tragedia.<\/p>\n\n\n\n<p>Fuente: <a href=\"https:\/\/www.nortebonaerense.com.ar\/noticias\/arrecifes-accidente-fatal-en-ruta-8_880762.html\">Arrecifes Noticias<\/a><\/p>\n","protected":false},"excerpt":{"rendered":"<p>Un fin de semana negro vive Arrecifes con una sucesi\u00f3n de hechos luctuosos. A los tres fallecimientos por Covid ocurridos este s\u00e1bado, se sum\u00f3 el tr\u00e1gico deceso de un ni\u00f1o que cay\u00f3 en una pileta y, a las 6 de la ma\u00f1ana de hoy se produjo un siniestro de tr\u00e1nsito fatal. Lautaro Fern\u00e1ndez, de 21 [&hellip;]<\/p>\n","protected":false},"author":4,"featured_media":86160,"comment_status":"open","ping_status":"closed","sticky":false,"template":"","format":"standard","meta":{"om_disable_all_campaigns":false,"_jetpack_memberships_contains_paid_content":false,"footnotes":""},"categories":[621],"tags":[],"class_list":["post-86159","post","type-post","status-publish","format-standard","has-post-thumbnail","hentry","category-regionales"],"aioseo_notices":[],"gutentor_comment":0,"jetpack_featured_media_url":"https:\/\/eldiariodesanpedro.com.ar\/sitio\/wp-content\/uploads\/2021\/01\/moto-rouser-730x510-1.jpg","jetpack_shortlink":"https:\/\/wp.me\/p6RhLt-mpF","jetpack_sharing_enabled":true,"_links":{"self":[{"href":"https:\/\/eldiariodesanpedro.com.ar\/sitio\/wp-json\/wp\/v2\/posts\/86159","targetHints":{"allow":["GET"]}}],"collection":[{"href":"https:\/\/eldiariodesanpedro.com.ar\/sitio\/wp-json\/wp\/v2\/posts"}],"about":[{"href":"https:\/\/eldiariodesanpedro.com.ar\/sitio\/wp-json\/wp\/v2\/types\/post"}],"author":[{"embeddable":true,"href":"https:\/\/eldiariodesanpedro.com.ar\/sitio\/wp-json\/wp\/v2\/users\/4"}],"replies":[{"embeddable":true,"href":"https:\/\/eldiariodesanpedro.com.ar\/sitio\/wp-json\/wp\/v2\/comments?post=86159"}],"version-history":[{"count":1,"href":"https:\/\/eldiariodesanpedro.com.ar\/sitio\/wp-json\/wp\/v2\/posts\/86159\/revisions"}],"predecessor-version":[{"id":86161,"href":"https:\/\/eldiariodesanpedro.com.ar\/sitio\/wp-json\/wp\/v2\/posts\/86159\/revisions\/86161"}],"wp:featuredmedia":[{"embeddable":true,"href":"https:\/\/eldiariodesanpedro.com.ar\/sitio\/wp-json\/wp\/v2\/media\/86160"}],"wp:attachment":[{"href":"https:\/\/eldiariodesanpedro.com.ar\/sitio\/wp-json\/wp\/v2\/media?parent=86159"}],"wp:term":[{"taxonomy":"category","embeddable":true,"href":"https:\/\/eldiariodesanpedro.com.ar\/sitio\/wp-json\/wp\/v2\/categories?post=86159"},{"taxonomy":"post_tag","embeddable":true,"href":"https:\/\/eldiariodesanpedro.com.ar\/sitio\/wp-json\/wp\/v2\/tags?post=86159"}],"curies":[{"name":"wp","href":"https:\/\/api.w.org\/{rel}","templated":true}]}}