{"id":86152,"date":"2021-01-18T18:55:30","date_gmt":"2021-01-18T21:55:30","guid":{"rendered":"https:\/\/eldiariodesanpedro.com.ar\/sitio\/?p=86152"},"modified":"2021-01-18T18:55:34","modified_gmt":"2021-01-18T21:55:34","slug":"el-aborto-ya-es-legal-en-la-provincia-de-buenos-aires-y-presentaron-la-guia-de-aplicacion-para-el-personal-de-salud","status":"publish","type":"post","link":"https:\/\/eldiariodesanpedro.com.ar\/sitio\/el-aborto-ya-es-legal-en-la-provincia-de-buenos-aires-y-presentaron-la-guia-de-aplicacion-para-el-personal-de-salud\/","title":{"rendered":"El aborto ya es legal en la provincia de Buenos Aires y presentaron la gu\u00eda de aplicaci\u00f3n para el personal de salud"},"content":{"rendered":"<!-- VideographyWP Plugin Message: Automatic video embedding prevented by plugin options. -->\n\n<p><strong>La Provincia firm\u00f3 la adhesi\u00f3n a la Ley de Interrupci\u00f3n Voluntaria del Embarazo y present\u00f3 la gu\u00eda de aplicaci\u00f3n del aborto legal para el personal de salud.<\/strong><\/p>\n\n\n\n<p>El Gobierno bonaerense firm\u00f3 la adhesi\u00f3n a la Ley de Interrupci\u00f3n Voluntaria del Embarazo (IVE), que garantiza el aborto legal hasta la semana 14 de gestaci\u00f3n en caso de que lo requiera una embarazada.<\/p>\n\n\n\n<p>A trav\u00e9s de un acto en la Escuela de Gobierno en Salud que encabez\u00f3 el ministro de Salud, Daniel Goll\u00e1n, donde tambi\u00e9n se hizo presente la ministra de las Mujeres, Pol\u00edticas de G\u00e9nero y Diversidad Sexual, Estela D\u00edaz, se present\u00f3 la gu\u00eda de aplicaci\u00f3n en la provincia.<\/p>\n\n\n\n<figure class=\"wp-block-embed-youtube wp-block-embed is-type-rich is-provider-gestor-del-servicio wp-embed-aspect-16-9 wp-has-aspect-ratio\"><div class=\"wp-block-embed__wrapper\">\n<div class=\"jetpack-video-wrapper\"><span class=\"embed-youtube\" style=\"text-align:center; display: block;\"><iframe class=\"youtube-player lazyload\" width=\"640\" height=\"360\" data-src=\"https:\/\/www.youtube.com\/embed\/I3C-_uDl-QY?version=3&#038;rel=1&#038;showsearch=0&#038;showinfo=1&#038;iv_load_policy=1&#038;fs=1&#038;hl=es-ES&#038;autohide=2&#038;wmode=transparent\" allowfullscreen=\"true\" style=\"border:0;\" sandbox=\"allow-scripts allow-same-origin allow-popups allow-presentation allow-popups-to-escape-sandbox\" src=\"data:image\/svg+xml;base64,PHN2ZyB3aWR0aD0iMSIgaGVpZ2h0PSIxIiB4bWxucz0iaHR0cDovL3d3dy53My5vcmcvMjAwMC9zdmciPjwvc3ZnPg==\" data-load-mode=\"1\"><\/iframe><\/span><\/div>\n<\/div><\/figure>\n\n\n\n<p>\u201cA partir de hoy, todas las mujeres que tengan necesidad o piensen que tienen el derecho de tener un aborto dentro de los marcos que fija la ley, lo van a poder hacer en la provincia de Buenos Aires\u201d, asegur\u00f3 el Ministro.<\/p>\n\n\n\n<p>En su discurso, hizo un breve repaso hist\u00f3rico del reclamo por el aborto legal, y manifest\u00f3 su reconocimiento a quienes lo impulsaron. \u201cEsto es posible porque hay una larga historia con muchos actores y muchas actrices. Es la lucha de las mujeres, la lucha hist\u00f3rica que cobr\u00f3 una dimensi\u00f3n extraordinaria en los \u00faltimos diez a\u00f1os\u201d, reconoci\u00f3 Goll\u00e1n. \u201cSin esa lucha en las calles esto no hubiese sido posible\u201d, agreg\u00f3.<\/p>\n\n\n\n<p>\u201cEl segundo reconocimiento es hacia nuestro Presidente, que lo dijo en campa\u00f1a y lo cumpli\u00f3 en su primer a\u00f1o de gobierno y en medio de una pandemia que est\u00e1 dejando patas para arriba a todo el mundo\u201d, remarc\u00f3 el Ministro. En la misma l\u00ednea, destac\u00f3 el rol de Cristina Fern\u00e1ndez de Kirchner como presidenta del Senado.<\/p>\n\n\n\n<p>Adem\u00e1s, Goll\u00e1n ponder\u00f3 el debate que se sostuvo en torno a la problem\u00e1tica, y que culmin\u00f3 con la legalizaci\u00f3n del aborto. \u201cSe hizo bien, de forma totalmente respetuosa\u201d, opin\u00f3. Por \u00faltimo, el Ministro de Salud bonaerense pidi\u00f3 \u201cavanzar con discursos y hechos que le pongan fin a una grieta que quieren imponernos a todos los argentinos\u201d.<\/p>\n\n\n\n<p><\/p>\n","protected":false},"excerpt":{"rendered":"<p>La Provincia firm\u00f3 la adhesi\u00f3n a la Ley de Interrupci\u00f3n Voluntaria del Embarazo y present\u00f3 la gu\u00eda de aplicaci\u00f3n del aborto legal para el personal de salud. El Gobierno bonaerense firm\u00f3 la adhesi\u00f3n a la Ley de Interrupci\u00f3n Voluntaria del Embarazo (IVE), que garantiza el aborto legal hasta la semana 14 de gestaci\u00f3n en caso [&hellip;]<\/p>\n","protected":false},"author":4,"featured_media":86153,"comment_status":"open","ping_status":"closed","sticky":false,"template":"","format":"standard","meta":{"om_disable_all_campaigns":false,"_jetpack_memberships_contains_paid_content":false,"footnotes":""},"categories":[621],"tags":[],"class_list":["post-86152","post","type-post","status-publish","format-standard","has-post-thumbnail","hentry","category-regionales"],"aioseo_notices":[],"gutentor_comment":0,"jetpack_featured_media_url":"https:\/\/eldiariodesanpedro.com.ar\/sitio\/wp-content\/uploads\/2021\/01\/aborto-provincia-buenos-aires.jpg","jetpack_shortlink":"https:\/\/wp.me\/p6RhLt-mpy","jetpack_sharing_enabled":true,"_links":{"self":[{"href":"https:\/\/eldiariodesanpedro.com.ar\/sitio\/wp-json\/wp\/v2\/posts\/86152","targetHints":{"allow":["GET"]}}],"collection":[{"href":"https:\/\/eldiariodesanpedro.com.ar\/sitio\/wp-json\/wp\/v2\/posts"}],"about":[{"href":"https:\/\/eldiariodesanpedro.com.ar\/sitio\/wp-json\/wp\/v2\/types\/post"}],"author":[{"embeddable":true,"href":"https:\/\/eldiariodesanpedro.com.ar\/sitio\/wp-json\/wp\/v2\/users\/4"}],"replies":[{"embeddable":true,"href":"https:\/\/eldiariodesanpedro.com.ar\/sitio\/wp-json\/wp\/v2\/comments?post=86152"}],"version-history":[{"count":1,"href":"https:\/\/eldiariodesanpedro.com.ar\/sitio\/wp-json\/wp\/v2\/posts\/86152\/revisions"}],"predecessor-version":[{"id":86154,"href":"https:\/\/eldiariodesanpedro.com.ar\/sitio\/wp-json\/wp\/v2\/posts\/86152\/revisions\/86154"}],"wp:featuredmedia":[{"embeddable":true,"href":"https:\/\/eldiariodesanpedro.com.ar\/sitio\/wp-json\/wp\/v2\/media\/86153"}],"wp:attachment":[{"href":"https:\/\/eldiariodesanpedro.com.ar\/sitio\/wp-json\/wp\/v2\/media?parent=86152"}],"wp:term":[{"taxonomy":"category","embeddable":true,"href":"https:\/\/eldiariodesanpedro.com.ar\/sitio\/wp-json\/wp\/v2\/categories?post=86152"},{"taxonomy":"post_tag","embeddable":true,"href":"https:\/\/eldiariodesanpedro.com.ar\/sitio\/wp-json\/wp\/v2\/tags?post=86152"}],"curies":[{"name":"wp","href":"https:\/\/api.w.org\/{rel}","templated":true}]}}