{"id":86149,"date":"2021-01-18T18:48:57","date_gmt":"2021-01-18T21:48:57","guid":{"rendered":"https:\/\/eldiariodesanpedro.com.ar\/sitio\/?p=86149"},"modified":"2021-01-18T18:48:59","modified_gmt":"2021-01-18T21:48:59","slug":"zarate-delincuente-robo-pertenencias-de-una-enfermera-del-hospital-virgen-del-carmen","status":"publish","type":"post","link":"https:\/\/eldiariodesanpedro.com.ar\/sitio\/zarate-delincuente-robo-pertenencias-de-una-enfermera-del-hospital-virgen-del-carmen\/","title":{"rendered":"Z\u00c1RATE | Delincuente rob\u00f3 pertenencias de una enfermera del hospital Virgen del Carmen"},"content":{"rendered":"<!-- VideographyWP Plugin Message: Automatic video embedding prevented by plugin options. -->\n\n<p><strong>Un nuevo hecho de inseguridad ocurri\u00f3 en el hospital Virgen del Carmen de Z\u00e1rate y la v\u00edctima fue una enfermera.<\/strong><\/p>\n\n\n\n<p>El lamentable episodio ocurri\u00f3 el s\u00e1bado por la noche, cerca de las 22:00, cuando un delincuente ingres\u00f3 caminando por el pasillo de la sala de espera hasta llegar a la oficina de enfermer\u00eda.<\/p>\n\n\n\n<p>El malviviente se llev\u00f3 una mochila, que pertenec\u00eda a una enfermera que se encontraba de guardia. La misma conten\u00eda todas las pertenencias de la joven; llaves de un veh\u00edculo, elementos de trabajo, billetera, tarjetas, DNI y c\u00e9dula verde.<\/p>\n\n\n\n<p>\u201cOjal\u00e1 te sirva lo que me robaste para que puedas comprar el suero que seguramente te pondr\u00e9 yo\u201d manifest\u00f3 la trabajadora de la salud v\u00edctima del robo. El accionar impune del ladr\u00f3n qued\u00f3 registrado en las c\u00e1maras de seguridad del hospital que todav\u00eda no cuenta con personal policial, ni de seguridad de forma permanente.<\/p>\n\n\n\n<p>Fuente: <a href=\"https:\/\/impactolocal.com.ar\/2021\/01\/18\/delincuente-robo-pertenencias-de-una-enfermera-del-hospital-virgen-del-carmen\/\">Impacto Local<\/a><\/p>\n","protected":false},"excerpt":{"rendered":"<p>Un nuevo hecho de inseguridad ocurri\u00f3 en el hospital Virgen del Carmen de Z\u00e1rate y la v\u00edctima fue una enfermera. El lamentable episodio ocurri\u00f3 el s\u00e1bado por la noche, cerca de las 22:00, cuando un delincuente ingres\u00f3 caminando por el pasillo de la sala de espera hasta llegar a la oficina de enfermer\u00eda. El malviviente [&hellip;]<\/p>\n","protected":false},"author":4,"featured_media":86150,"comment_status":"open","ping_status":"closed","sticky":false,"template":"","format":"standard","meta":{"om_disable_all_campaigns":false,"_jetpack_memberships_contains_paid_content":false,"footnotes":""},"categories":[621],"tags":[],"class_list":["post-86149","post","type-post","status-publish","format-standard","has-post-thumbnail","hentry","category-regionales"],"aioseo_notices":[],"gutentor_comment":0,"jetpack_featured_media_url":"https:\/\/eldiariodesanpedro.com.ar\/sitio\/wp-content\/uploads\/2021\/01\/robo-a-enfermera.jpg","jetpack_shortlink":"https:\/\/wp.me\/p6RhLt-mpv","jetpack_sharing_enabled":true,"_links":{"self":[{"href":"https:\/\/eldiariodesanpedro.com.ar\/sitio\/wp-json\/wp\/v2\/posts\/86149","targetHints":{"allow":["GET"]}}],"collection":[{"href":"https:\/\/eldiariodesanpedro.com.ar\/sitio\/wp-json\/wp\/v2\/posts"}],"about":[{"href":"https:\/\/eldiariodesanpedro.com.ar\/sitio\/wp-json\/wp\/v2\/types\/post"}],"author":[{"embeddable":true,"href":"https:\/\/eldiariodesanpedro.com.ar\/sitio\/wp-json\/wp\/v2\/users\/4"}],"replies":[{"embeddable":true,"href":"https:\/\/eldiariodesanpedro.com.ar\/sitio\/wp-json\/wp\/v2\/comments?post=86149"}],"version-history":[{"count":1,"href":"https:\/\/eldiariodesanpedro.com.ar\/sitio\/wp-json\/wp\/v2\/posts\/86149\/revisions"}],"predecessor-version":[{"id":86151,"href":"https:\/\/eldiariodesanpedro.com.ar\/sitio\/wp-json\/wp\/v2\/posts\/86149\/revisions\/86151"}],"wp:featuredmedia":[{"embeddable":true,"href":"https:\/\/eldiariodesanpedro.com.ar\/sitio\/wp-json\/wp\/v2\/media\/86150"}],"wp:attachment":[{"href":"https:\/\/eldiariodesanpedro.com.ar\/sitio\/wp-json\/wp\/v2\/media?parent=86149"}],"wp:term":[{"taxonomy":"category","embeddable":true,"href":"https:\/\/eldiariodesanpedro.com.ar\/sitio\/wp-json\/wp\/v2\/categories?post=86149"},{"taxonomy":"post_tag","embeddable":true,"href":"https:\/\/eldiariodesanpedro.com.ar\/sitio\/wp-json\/wp\/v2\/tags?post=86149"}],"curies":[{"name":"wp","href":"https:\/\/api.w.org\/{rel}","templated":true}]}}