{"id":86146,"date":"2021-01-18T18:33:58","date_gmt":"2021-01-18T21:33:58","guid":{"rendered":"https:\/\/eldiariodesanpedro.com.ar\/sitio\/?p=86146"},"modified":"2021-01-18T18:34:02","modified_gmt":"2021-01-18T21:34:02","slug":"arrecifes-nueva-tragedia-muere-un-trabajador","status":"publish","type":"post","link":"https:\/\/eldiariodesanpedro.com.ar\/sitio\/arrecifes-nueva-tragedia-muere-un-trabajador\/","title":{"rendered":"ARRECIFES | Nueva tragedia: muere un trabajador"},"content":{"rendered":"<!-- VideographyWP Plugin Message: Automatic video embedding prevented by plugin options. -->\n\n<p>Una incre\u00edble sucesi\u00f3n de hechos tr\u00e1gicos est\u00e1 castigando duramente a Arrecifes en los \u00faltimos d\u00edas y esta ma\u00f1ana se sum\u00f3 otro, muy doloroso.<\/p>\n\n\n\n<p>En un accidente de trabajo en la planta Molinos Arrecifes, un joven operario perdi\u00f3 la vida al ser volcar un autoelevador, de las denominadas gr\u00faas clark, cargado con bolsas de harina.<\/p>\n\n\n\n<p>El siniestro provoc\u00f3 que la gr\u00faa con su carga cayeran sobre el trabajador, que qued\u00f3 atrapado debajo de ellas y lamentablemente no pudo ser salvado.<\/p>\n\n\n\n<p>Bomberos Voluntarios fueron llamados para acudir al rescate, pero cuando llegaron al Molino lamentablemente el joven, de 41 a\u00f1os de edad, ya estaba sin vida.<\/p>\n\n\n\n<p>Nuestras condolencias a su familia, amigos y compa\u00f1eros de trabajo ante este dur\u00edsimo golpe para el que no hay consuelo. Uno m\u00e1s para nuestra impactada sociedad arrecife\u00f1a que en tres d\u00edas perdi\u00f3 cuatro vidas por el Covid-19, la de un peque\u00f1o de un a\u00f1o y medio de edad que cay\u00f3 en una pileta y la del querido peluquero Lautaro, de apenas 21 a\u00f1os de edad, en un accidente en moto.<\/p>\n\n\n\n<p>Fuente: <a href=\"https:\/\/arrecifesnoticias.com\/sociedad\/nueva-tragedia-en-arrecifes-muere-un-trabajador\/\">Arrecifes Noticias<\/a><a rel=\"noreferrer noopener\" href=\"https:\/\/www.facebook.com\/dialog\/send?app_id=140586622674265&amp;link=https%3A%2F%2Farrecifesnoticias.com%2Fsociedad%2Fnueva-tragedia-en-arrecifes-muere-un-trabajador%2F&amp;redirect_uri=https%3A%2F%2Farrecifesnoticias.com%2Fsociedad%2Fnueva-tragedia-en-arrecifes-muere-un-trabajador%2F\" target=\"_blank\"><\/a><\/p>\n","protected":false},"excerpt":{"rendered":"<p>Una incre\u00edble sucesi\u00f3n de hechos tr\u00e1gicos est\u00e1 castigando duramente a Arrecifes en los \u00faltimos d\u00edas y esta ma\u00f1ana se sum\u00f3 otro, muy doloroso. En un accidente de trabajo en la planta Molinos Arrecifes, un joven operario perdi\u00f3 la vida al ser volcar un autoelevador, de las denominadas gr\u00faas clark, cargado con bolsas de harina. El [&hellip;]<\/p>\n","protected":false},"author":4,"featured_media":86147,"comment_status":"open","ping_status":"closed","sticky":false,"template":"","format":"standard","meta":{"om_disable_all_campaigns":false,"_jetpack_memberships_contains_paid_content":false,"footnotes":""},"categories":[621],"tags":[],"class_list":["post-86146","post","type-post","status-publish","format-standard","has-post-thumbnail","hentry","category-regionales"],"aioseo_notices":[],"gutentor_comment":0,"jetpack_featured_media_url":"https:\/\/eldiariodesanpedro.com.ar\/sitio\/wp-content\/uploads\/2021\/01\/Molinos-Arrecifes-782x510-1.jpg","jetpack_shortlink":"https:\/\/wp.me\/p6RhLt-mps","jetpack_sharing_enabled":true,"_links":{"self":[{"href":"https:\/\/eldiariodesanpedro.com.ar\/sitio\/wp-json\/wp\/v2\/posts\/86146","targetHints":{"allow":["GET"]}}],"collection":[{"href":"https:\/\/eldiariodesanpedro.com.ar\/sitio\/wp-json\/wp\/v2\/posts"}],"about":[{"href":"https:\/\/eldiariodesanpedro.com.ar\/sitio\/wp-json\/wp\/v2\/types\/post"}],"author":[{"embeddable":true,"href":"https:\/\/eldiariodesanpedro.com.ar\/sitio\/wp-json\/wp\/v2\/users\/4"}],"replies":[{"embeddable":true,"href":"https:\/\/eldiariodesanpedro.com.ar\/sitio\/wp-json\/wp\/v2\/comments?post=86146"}],"version-history":[{"count":1,"href":"https:\/\/eldiariodesanpedro.com.ar\/sitio\/wp-json\/wp\/v2\/posts\/86146\/revisions"}],"predecessor-version":[{"id":86148,"href":"https:\/\/eldiariodesanpedro.com.ar\/sitio\/wp-json\/wp\/v2\/posts\/86146\/revisions\/86148"}],"wp:featuredmedia":[{"embeddable":true,"href":"https:\/\/eldiariodesanpedro.com.ar\/sitio\/wp-json\/wp\/v2\/media\/86147"}],"wp:attachment":[{"href":"https:\/\/eldiariodesanpedro.com.ar\/sitio\/wp-json\/wp\/v2\/media?parent=86146"}],"wp:term":[{"taxonomy":"category","embeddable":true,"href":"https:\/\/eldiariodesanpedro.com.ar\/sitio\/wp-json\/wp\/v2\/categories?post=86146"},{"taxonomy":"post_tag","embeddable":true,"href":"https:\/\/eldiariodesanpedro.com.ar\/sitio\/wp-json\/wp\/v2\/tags?post=86146"}],"curies":[{"name":"wp","href":"https:\/\/api.w.org\/{rel}","templated":true}]}}