{"id":86140,"date":"2021-01-18T18:19:08","date_gmt":"2021-01-18T21:19:08","guid":{"rendered":"https:\/\/eldiariodesanpedro.com.ar\/sitio\/?p=86140"},"modified":"2021-01-18T18:19:12","modified_gmt":"2021-01-18T21:19:12","slug":"arrecifes-un-automovil-perdio-el-control-cayo-a-una-cuneta","status":"publish","type":"post","link":"https:\/\/eldiariodesanpedro.com.ar\/sitio\/arrecifes-un-automovil-perdio-el-control-cayo-a-una-cuneta\/","title":{"rendered":"ARRECIFES | Un autom\u00f3vil perdi\u00f3 el control cay\u00f3 a una cuneta"},"content":{"rendered":"<!-- VideographyWP Plugin Message: Automatic video embedding prevented by plugin options. -->\n\n<p>En una accidentada noche de este s\u00e1bado, se produjo otro serio siniestro en Arrecifes. En esta oportunidad, ocurri\u00f3 en inmediaciones de calle San Salvador y ruta 51, minutos antes de la medianoche.<\/p>\n\n\n\n<p>All\u00ed, un Fiat Duna que circulaba por San Salvador cay\u00f3 a una cuneta. Su conductor, un joven de 37 a\u00f1os, afortunadamente no sufri\u00f3 heridas de gravedad<\/p>\n","protected":false},"excerpt":{"rendered":"<p>En una accidentada noche de este s\u00e1bado, se produjo otro serio siniestro en Arrecifes. En esta oportunidad, ocurri\u00f3 en inmediaciones de calle San Salvador y ruta 51, minutos antes de la medianoche. All\u00ed, un Fiat Duna que circulaba por San Salvador cay\u00f3 a una cuneta. Su conductor, un joven de 37 a\u00f1os, afortunadamente no sufri\u00f3 [&hellip;]<\/p>\n","protected":false},"author":4,"featured_media":86141,"comment_status":"open","ping_status":"closed","sticky":false,"template":"","format":"standard","meta":{"om_disable_all_campaigns":false,"_jetpack_memberships_contains_paid_content":false,"footnotes":""},"categories":[621],"tags":[],"class_list":["post-86140","post","type-post","status-publish","format-standard","has-post-thumbnail","hentry","category-regionales"],"aioseo_notices":[],"gutentor_comment":0,"jetpack_featured_media_url":"https:\/\/eldiariodesanpedro.com.ar\/sitio\/wp-content\/uploads\/2021\/01\/accidente-fiat-dna-1-698x510-1.jpg","jetpack_shortlink":"https:\/\/wp.me\/p6RhLt-mpm","jetpack_sharing_enabled":true,"_links":{"self":[{"href":"https:\/\/eldiariodesanpedro.com.ar\/sitio\/wp-json\/wp\/v2\/posts\/86140","targetHints":{"allow":["GET"]}}],"collection":[{"href":"https:\/\/eldiariodesanpedro.com.ar\/sitio\/wp-json\/wp\/v2\/posts"}],"about":[{"href":"https:\/\/eldiariodesanpedro.com.ar\/sitio\/wp-json\/wp\/v2\/types\/post"}],"author":[{"embeddable":true,"href":"https:\/\/eldiariodesanpedro.com.ar\/sitio\/wp-json\/wp\/v2\/users\/4"}],"replies":[{"embeddable":true,"href":"https:\/\/eldiariodesanpedro.com.ar\/sitio\/wp-json\/wp\/v2\/comments?post=86140"}],"version-history":[{"count":1,"href":"https:\/\/eldiariodesanpedro.com.ar\/sitio\/wp-json\/wp\/v2\/posts\/86140\/revisions"}],"predecessor-version":[{"id":86142,"href":"https:\/\/eldiariodesanpedro.com.ar\/sitio\/wp-json\/wp\/v2\/posts\/86140\/revisions\/86142"}],"wp:featuredmedia":[{"embeddable":true,"href":"https:\/\/eldiariodesanpedro.com.ar\/sitio\/wp-json\/wp\/v2\/media\/86141"}],"wp:attachment":[{"href":"https:\/\/eldiariodesanpedro.com.ar\/sitio\/wp-json\/wp\/v2\/media?parent=86140"}],"wp:term":[{"taxonomy":"category","embeddable":true,"href":"https:\/\/eldiariodesanpedro.com.ar\/sitio\/wp-json\/wp\/v2\/categories?post=86140"},{"taxonomy":"post_tag","embeddable":true,"href":"https:\/\/eldiariodesanpedro.com.ar\/sitio\/wp-json\/wp\/v2\/tags?post=86140"}],"curies":[{"name":"wp","href":"https:\/\/api.w.org\/{rel}","templated":true}]}}