{"id":86135,"date":"2021-01-18T17:42:04","date_gmt":"2021-01-18T20:42:04","guid":{"rendered":"https:\/\/eldiariodesanpedro.com.ar\/sitio\/?p=86135"},"modified":"2021-01-18T19:40:12","modified_gmt":"2021-01-18T22:40:12","slug":"la-municipalidad-recuerda-que-deben-inscribirse-para-recibir-la-vacuna","status":"publish","type":"post","link":"https:\/\/eldiariodesanpedro.com.ar\/sitio\/la-municipalidad-recuerda-que-deben-inscribirse-para-recibir-la-vacuna\/","title":{"rendered":"La Municipalidad recuerda que deben inscribirse para recibir la vacuna"},"content":{"rendered":"<!-- VideographyWP Plugin Message: Automatic video embedding prevented by plugin options. -->\n\n<p>La Municipalidad de San Pedro informa que el operativo de vacunaci\u00f3n contra el Covid-19 recuerda que para la asignaci\u00f3n de turnos en el Programa de Vacunaci\u00f3n COVID-19 es fundamental cumplir con la inscripci\u00f3n en el registro abierto en el sitio web <a href=\"http:\/\/www.vacunatePBA.gba.gob.ar\">www.vacunatePBA.gba.gob.ar<\/a><\/p>\n\n\n\n<p>En breve finalizar\u00e1 la primera etapa destinada esencialmente al personal de salud y de inmediato comenzar\u00e1n a asignarse turnos para el resto de los grupos prioritarios.<\/p>\n\n\n\n<p>Los municipios recibir\u00e1n vacunas proporcionalmente por la cantidad de inscriptos, por ello es muy importante que ingrese sus datos para informar su voluntad.<\/p>\n\n\n\n<p>En las pr\u00f3ximas etapas ser\u00e1n convocados el resto del personal esencial, seguridad y servicios penitenciarios, adultos de m\u00e1s de 60 a\u00f1os a\u00f1os, adultos de 18 a 59 a\u00f1os de grupos de riesgo y personal docente y no docente.<\/p>\n\n\n\n<p><strong>MUY IMPORTANTE<br><\/strong>Las personas que por cualquier raz\u00f3n no puedan ingresar al formulario de Internet, ser\u00e1n asistidas para inscribirse de lunes a viernes de 8 a 12 en el CIC, los Centros de Salud Los Aromos, Arco Iris, R\u00edo Tala y Mateo Sbert, y en los hospitales de Gobernador Castro y Santa Luc\u00eda.<\/p>\n\n\n\n<p>Vacunarse es la principal barrera para defendernos y evitar nuevos contagios.<br><a href=\"http:\/\/www.vacunatePBA.gba.gob.ar\">www.vacunatePBA.gba.gob.ar<\/a><\/p>\n","protected":false},"excerpt":{"rendered":"<p>La Municipalidad de San Pedro informa que el operativo de vacunaci\u00f3n contra el Covid-19 recuerda que para la asignaci\u00f3n de turnos en el Programa de Vacunaci\u00f3n COVID-19 es fundamental cumplir con la inscripci\u00f3n en el registro abierto en el sitio web www.vacunatePBA.gba.gob.ar En breve finalizar\u00e1 la primera etapa destinada esencialmente al personal de salud y [&hellip;]<\/p>\n","protected":false},"author":4,"featured_media":86136,"comment_status":"open","ping_status":"closed","sticky":false,"template":"","format":"standard","meta":{"om_disable_all_campaigns":false,"_jetpack_memberships_contains_paid_content":false,"footnotes":""},"categories":[50,101,2],"tags":[],"class_list":["post-86135","post","type-post","status-publish","format-standard","has-post-thumbnail","hentry","category-destacadas","category-interes-general-locales","category-locales"],"aioseo_notices":[],"gutentor_comment":0,"jetpack_featured_media_url":"https:\/\/eldiariodesanpedro.com.ar\/sitio\/wp-content\/uploads\/2021\/01\/WhatsApp-Image-2021-01-18-at-13.36.22.jpeg","jetpack_shortlink":"https:\/\/wp.me\/p6RhLt-mph","jetpack_sharing_enabled":true,"_links":{"self":[{"href":"https:\/\/eldiariodesanpedro.com.ar\/sitio\/wp-json\/wp\/v2\/posts\/86135","targetHints":{"allow":["GET"]}}],"collection":[{"href":"https:\/\/eldiariodesanpedro.com.ar\/sitio\/wp-json\/wp\/v2\/posts"}],"about":[{"href":"https:\/\/eldiariodesanpedro.com.ar\/sitio\/wp-json\/wp\/v2\/types\/post"}],"author":[{"embeddable":true,"href":"https:\/\/eldiariodesanpedro.com.ar\/sitio\/wp-json\/wp\/v2\/users\/4"}],"replies":[{"embeddable":true,"href":"https:\/\/eldiariodesanpedro.com.ar\/sitio\/wp-json\/wp\/v2\/comments?post=86135"}],"version-history":[{"count":3,"href":"https:\/\/eldiariodesanpedro.com.ar\/sitio\/wp-json\/wp\/v2\/posts\/86135\/revisions"}],"predecessor-version":[{"id":86164,"href":"https:\/\/eldiariodesanpedro.com.ar\/sitio\/wp-json\/wp\/v2\/posts\/86135\/revisions\/86164"}],"wp:featuredmedia":[{"embeddable":true,"href":"https:\/\/eldiariodesanpedro.com.ar\/sitio\/wp-json\/wp\/v2\/media\/86136"}],"wp:attachment":[{"href":"https:\/\/eldiariodesanpedro.com.ar\/sitio\/wp-json\/wp\/v2\/media?parent=86135"}],"wp:term":[{"taxonomy":"category","embeddable":true,"href":"https:\/\/eldiariodesanpedro.com.ar\/sitio\/wp-json\/wp\/v2\/categories?post=86135"},{"taxonomy":"post_tag","embeddable":true,"href":"https:\/\/eldiariodesanpedro.com.ar\/sitio\/wp-json\/wp\/v2\/tags?post=86135"}],"curies":[{"name":"wp","href":"https:\/\/api.w.org\/{rel}","templated":true}]}}