{"id":86131,"date":"2021-01-18T12:55:56","date_gmt":"2021-01-18T15:55:56","guid":{"rendered":"https:\/\/eldiariodesanpedro.com.ar\/sitio\/?p=86131"},"modified":"2021-01-18T12:56:00","modified_gmt":"2021-01-18T15:56:00","slug":"le-secuestraron-el-automovil-y-enojado-por-no-poder-recuperarlo-rompio-vidrios-de-la-comisaria","status":"publish","type":"post","link":"https:\/\/eldiariodesanpedro.com.ar\/sitio\/le-secuestraron-el-automovil-y-enojado-por-no-poder-recuperarlo-rompio-vidrios-de-la-comisaria\/","title":{"rendered":"Le secuestraron el autom\u00f3vil  y enojado por no poder recuperarlo rompi\u00f3 vidrios de la comisaria"},"content":{"rendered":"<!-- VideographyWP Plugin Message: Automatic video embedding prevented by plugin options. -->\n\n<p>Un joven al que le secuestraron su autom\u00f3vil fue aprehendido por romper vidrios en la comisar\u00eda local.<\/p>\n\n\n\n<p>El hecho ocurri\u00f3 este domingo en horas de la noche cuando un joven de 29 a\u00f1os de edad ofuscado se present\u00f3 en la comisar\u00eda local para recuperar su veh\u00edculo Fiat 147 que hab\u00eda sido secuestrado en horas de la madrugada durante un control de alcoholemia realizado por Inspecci\u00f3n Municipal en el que dio positivo.<\/p>\n\n\n\n<p>Al no poder recuperar el autom\u00f3vil el joven decidi\u00f3 arrojar piedras hacia los vidrios de la comisar\u00eda por lo que r\u00e1pidamente fue reducido y aprehendido por resistencia a la autoridad y da\u00f1os.<\/p>\n","protected":false},"excerpt":{"rendered":"<p>Un joven al que le secuestraron su autom\u00f3vil fue aprehendido por romper vidrios en la comisar\u00eda local. El hecho ocurri\u00f3 este domingo en horas de la noche cuando un joven de 29 a\u00f1os de edad ofuscado se present\u00f3 en la comisar\u00eda local para recuperar su veh\u00edculo Fiat 147 que hab\u00eda sido secuestrado en horas de [&hellip;]<\/p>\n","protected":false},"author":4,"featured_media":45394,"comment_status":"open","ping_status":"closed","sticky":false,"template":"","format":"standard","meta":{"om_disable_all_campaigns":false,"_jetpack_memberships_contains_paid_content":false,"footnotes":""},"categories":[2,103],"tags":[],"class_list":["post-86131","post","type-post","status-publish","format-standard","has-post-thumbnail","hentry","category-locales","category-policiales-locales"],"aioseo_notices":[],"gutentor_comment":0,"jetpack_featured_media_url":"https:\/\/eldiariodesanpedro.com.ar\/sitio\/wp-content\/uploads\/2019\/01\/comisaria.jpg","jetpack_shortlink":"https:\/\/wp.me\/p6RhLt-mpd","jetpack_sharing_enabled":true,"_links":{"self":[{"href":"https:\/\/eldiariodesanpedro.com.ar\/sitio\/wp-json\/wp\/v2\/posts\/86131","targetHints":{"allow":["GET"]}}],"collection":[{"href":"https:\/\/eldiariodesanpedro.com.ar\/sitio\/wp-json\/wp\/v2\/posts"}],"about":[{"href":"https:\/\/eldiariodesanpedro.com.ar\/sitio\/wp-json\/wp\/v2\/types\/post"}],"author":[{"embeddable":true,"href":"https:\/\/eldiariodesanpedro.com.ar\/sitio\/wp-json\/wp\/v2\/users\/4"}],"replies":[{"embeddable":true,"href":"https:\/\/eldiariodesanpedro.com.ar\/sitio\/wp-json\/wp\/v2\/comments?post=86131"}],"version-history":[{"count":1,"href":"https:\/\/eldiariodesanpedro.com.ar\/sitio\/wp-json\/wp\/v2\/posts\/86131\/revisions"}],"predecessor-version":[{"id":86132,"href":"https:\/\/eldiariodesanpedro.com.ar\/sitio\/wp-json\/wp\/v2\/posts\/86131\/revisions\/86132"}],"wp:featuredmedia":[{"embeddable":true,"href":"https:\/\/eldiariodesanpedro.com.ar\/sitio\/wp-json\/wp\/v2\/media\/45394"}],"wp:attachment":[{"href":"https:\/\/eldiariodesanpedro.com.ar\/sitio\/wp-json\/wp\/v2\/media?parent=86131"}],"wp:term":[{"taxonomy":"category","embeddable":true,"href":"https:\/\/eldiariodesanpedro.com.ar\/sitio\/wp-json\/wp\/v2\/categories?post=86131"},{"taxonomy":"post_tag","embeddable":true,"href":"https:\/\/eldiariodesanpedro.com.ar\/sitio\/wp-json\/wp\/v2\/tags?post=86131"}],"curies":[{"name":"wp","href":"https:\/\/api.w.org\/{rel}","templated":true}]}}