{"id":86128,"date":"2021-01-18T12:42:48","date_gmt":"2021-01-18T15:42:48","guid":{"rendered":"https:\/\/eldiariodesanpedro.com.ar\/sitio\/?p=86128"},"modified":"2021-01-18T12:43:17","modified_gmt":"2021-01-18T15:43:17","slug":"un-automovil-tras-evitar-un-control-policial-realizo-una-peligrosa-huida-a-alta-velocidad","status":"publish","type":"post","link":"https:\/\/eldiariodesanpedro.com.ar\/sitio\/un-automovil-tras-evitar-un-control-policial-realizo-una-peligrosa-huida-a-alta-velocidad\/","title":{"rendered":"Un autom\u00f3vil tras evitar un  control policial realizo una peligrosa huida a alta velocidad"},"content":{"rendered":"<!-- VideographyWP Plugin Message: Automatic video embedding prevented by plugin options. -->\n\n<p>En horas de la madrugada del pasado s\u00e1bado la polic\u00eda realiz\u00f3 el secuestro de un veh\u00edculo tras una larga y arriesgada persecuci\u00f3n.\u00a0\u00a0<\/p>\n\n\n\n<p>El autom\u00f3vil en zona c\u00e9ntrica fue interceptado por control vehicular teniendo en cuenta el nuevo DNU del gobierno que proh\u00edbe la circulaci\u00f3n en el horario nocturno y su conductor no acatando la orden de detenerse decide darse a la fuga.&nbsp;<\/p>\n\n\n\n<p>El veh\u00edculo circulaba a altas velocidades escapando de los m\u00f3viles policiales incluso huyendo por calles contramano poniendo en riesgo su vida y la vida de los dem\u00e1s.<\/p>\n\n\n\n<p>Los efectivos lograron su interceptaci\u00f3n en calle Cruz Roja al 1300 donde pudieron determinar que el autom\u00f3vil Fiat ten\u00eda prohibici\u00f3n de circular p\u00f2r lo que fue secuestrado.<\/p>\n\n\n\n<p>Por su parte el conductor de 21 a\u00f1os fue aprehendido y trasladado a la comisar\u00eda local.<\/p>\n","protected":false},"excerpt":{"rendered":"<p>En horas de la madrugada del pasado s\u00e1bado la polic\u00eda realiz\u00f3 el secuestro de un veh\u00edculo tras una larga y arriesgada persecuci\u00f3n.\u00a0\u00a0 El autom\u00f3vil en zona c\u00e9ntrica fue interceptado por control vehicular teniendo en cuenta el nuevo DNU del gobierno que proh\u00edbe la circulaci\u00f3n en el horario nocturno y su conductor no acatando la orden [&hellip;]<\/p>\n","protected":false},"author":4,"featured_media":77561,"comment_status":"open","ping_status":"closed","sticky":false,"template":"","format":"standard","meta":{"om_disable_all_campaigns":false,"_jetpack_memberships_contains_paid_content":false,"footnotes":""},"categories":[2,103],"tags":[],"class_list":["post-86128","post","type-post","status-publish","format-standard","has-post-thumbnail","hentry","category-locales","category-policiales-locales"],"aioseo_notices":[],"gutentor_comment":0,"jetpack_featured_media_url":"https:\/\/eldiariodesanpedro.com.ar\/sitio\/wp-content\/uploads\/2020\/07\/20200709072134.jpg","jetpack_shortlink":"https:\/\/wp.me\/p6RhLt-mpa","jetpack_sharing_enabled":true,"_links":{"self":[{"href":"https:\/\/eldiariodesanpedro.com.ar\/sitio\/wp-json\/wp\/v2\/posts\/86128","targetHints":{"allow":["GET"]}}],"collection":[{"href":"https:\/\/eldiariodesanpedro.com.ar\/sitio\/wp-json\/wp\/v2\/posts"}],"about":[{"href":"https:\/\/eldiariodesanpedro.com.ar\/sitio\/wp-json\/wp\/v2\/types\/post"}],"author":[{"embeddable":true,"href":"https:\/\/eldiariodesanpedro.com.ar\/sitio\/wp-json\/wp\/v2\/users\/4"}],"replies":[{"embeddable":true,"href":"https:\/\/eldiariodesanpedro.com.ar\/sitio\/wp-json\/wp\/v2\/comments?post=86128"}],"version-history":[{"count":2,"href":"https:\/\/eldiariodesanpedro.com.ar\/sitio\/wp-json\/wp\/v2\/posts\/86128\/revisions"}],"predecessor-version":[{"id":86130,"href":"https:\/\/eldiariodesanpedro.com.ar\/sitio\/wp-json\/wp\/v2\/posts\/86128\/revisions\/86130"}],"wp:featuredmedia":[{"embeddable":true,"href":"https:\/\/eldiariodesanpedro.com.ar\/sitio\/wp-json\/wp\/v2\/media\/77561"}],"wp:attachment":[{"href":"https:\/\/eldiariodesanpedro.com.ar\/sitio\/wp-json\/wp\/v2\/media?parent=86128"}],"wp:term":[{"taxonomy":"category","embeddable":true,"href":"https:\/\/eldiariodesanpedro.com.ar\/sitio\/wp-json\/wp\/v2\/categories?post=86128"},{"taxonomy":"post_tag","embeddable":true,"href":"https:\/\/eldiariodesanpedro.com.ar\/sitio\/wp-json\/wp\/v2\/tags?post=86128"}],"curies":[{"name":"wp","href":"https:\/\/api.w.org\/{rel}","templated":true}]}}