{"id":86126,"date":"2021-01-18T12:21:48","date_gmt":"2021-01-18T15:21:48","guid":{"rendered":"https:\/\/eldiariodesanpedro.com.ar\/sitio\/?p=86126"},"modified":"2021-01-18T12:21:49","modified_gmt":"2021-01-18T15:21:49","slug":"un-hombre-se-quito-la-vida-y-fue-encontrado-por-su-pareja","status":"publish","type":"post","link":"https:\/\/eldiariodesanpedro.com.ar\/sitio\/un-hombre-se-quito-la-vida-y-fue-encontrado-por-su-pareja\/","title":{"rendered":"Un hombre se quito la vida y fue encontrado por su pareja"},"content":{"rendered":"<!-- VideographyWP Plugin Message: Automatic video embedding prevented by plugin options. -->\n\n<p>Este s\u00e1bado en horas de la madrugada la polic\u00eda de nuestra ciudad se hizo presente en una vivienda donde un ciudadano hab\u00eda tomado la lamentable decisi\u00f3n de quitarse la vida.<\/p>\n\n\n\n<p>El hecho ocurri\u00f3 esta madrugada de s\u00e1bado en una vivienda ubicada en calle San Lorenzo al 1000 donde un ciudadano de 34 a\u00f1os de edad decidi\u00f3 quitarse la vida.\u00a0<\/p>\n\n\n\n<p>El hombre fue encontrado por su pareja de 24 a\u00f1os de edad quien refiere que momentos antes hab\u00edan tenido una fuerte discusi\u00f3n.<\/p>\n","protected":false},"excerpt":{"rendered":"<p>Este s\u00e1bado en horas de la madrugada la polic\u00eda de nuestra ciudad se hizo presente en una vivienda donde un ciudadano hab\u00eda tomado la lamentable decisi\u00f3n de quitarse la vida. El hecho ocurri\u00f3 esta madrugada de s\u00e1bado en una vivienda ubicada en calle San Lorenzo al 1000 donde un ciudadano de 34 a\u00f1os de edad [&hellip;]<\/p>\n","protected":false},"author":4,"featured_media":77561,"comment_status":"open","ping_status":"closed","sticky":false,"template":"","format":"standard","meta":{"om_disable_all_campaigns":false,"_jetpack_memberships_contains_paid_content":false,"footnotes":""},"categories":[2,103],"tags":[],"class_list":["post-86126","post","type-post","status-publish","format-standard","has-post-thumbnail","hentry","category-locales","category-policiales-locales"],"aioseo_notices":[],"gutentor_comment":0,"jetpack_featured_media_url":"https:\/\/eldiariodesanpedro.com.ar\/sitio\/wp-content\/uploads\/2020\/07\/20200709072134.jpg","jetpack_shortlink":"https:\/\/wp.me\/p6RhLt-mp8","jetpack_sharing_enabled":true,"_links":{"self":[{"href":"https:\/\/eldiariodesanpedro.com.ar\/sitio\/wp-json\/wp\/v2\/posts\/86126","targetHints":{"allow":["GET"]}}],"collection":[{"href":"https:\/\/eldiariodesanpedro.com.ar\/sitio\/wp-json\/wp\/v2\/posts"}],"about":[{"href":"https:\/\/eldiariodesanpedro.com.ar\/sitio\/wp-json\/wp\/v2\/types\/post"}],"author":[{"embeddable":true,"href":"https:\/\/eldiariodesanpedro.com.ar\/sitio\/wp-json\/wp\/v2\/users\/4"}],"replies":[{"embeddable":true,"href":"https:\/\/eldiariodesanpedro.com.ar\/sitio\/wp-json\/wp\/v2\/comments?post=86126"}],"version-history":[{"count":1,"href":"https:\/\/eldiariodesanpedro.com.ar\/sitio\/wp-json\/wp\/v2\/posts\/86126\/revisions"}],"predecessor-version":[{"id":86127,"href":"https:\/\/eldiariodesanpedro.com.ar\/sitio\/wp-json\/wp\/v2\/posts\/86126\/revisions\/86127"}],"wp:featuredmedia":[{"embeddable":true,"href":"https:\/\/eldiariodesanpedro.com.ar\/sitio\/wp-json\/wp\/v2\/media\/77561"}],"wp:attachment":[{"href":"https:\/\/eldiariodesanpedro.com.ar\/sitio\/wp-json\/wp\/v2\/media?parent=86126"}],"wp:term":[{"taxonomy":"category","embeddable":true,"href":"https:\/\/eldiariodesanpedro.com.ar\/sitio\/wp-json\/wp\/v2\/categories?post=86126"},{"taxonomy":"post_tag","embeddable":true,"href":"https:\/\/eldiariodesanpedro.com.ar\/sitio\/wp-json\/wp\/v2\/tags?post=86126"}],"curies":[{"name":"wp","href":"https:\/\/api.w.org\/{rel}","templated":true}]}}