{"id":86124,"date":"2021-01-18T12:04:41","date_gmt":"2021-01-18T15:04:41","guid":{"rendered":"https:\/\/eldiariodesanpedro.com.ar\/sitio\/?p=86124"},"modified":"2021-01-18T12:04:45","modified_gmt":"2021-01-18T15:04:45","slug":"roban-una-bicicleta-en-el-club-pescadores","status":"publish","type":"post","link":"https:\/\/eldiariodesanpedro.com.ar\/sitio\/roban-una-bicicleta-en-el-club-pescadores\/","title":{"rendered":"Roban una bicicleta en el Club Pescadores"},"content":{"rendered":"<!-- VideographyWP Plugin Message: Automatic video embedding prevented by plugin options. -->\n\n<p>Este domingo la polic\u00eda de nuestra ciudad realiz\u00f3 la aprehensi\u00f3n de un joven delincuente que sustrajo una bicicleta de estacionamiento del Club Pescadores.<\/p>\n\n\n\n<p>El siniestro ocurri\u00f3 en la tarde de este domingo cuando un joven de 22 a\u00f1os sustrajo una bicicleta tipo Mountain Bike que se encontraba parada sin seguridad en el estacionamiento del Club Pescadores ubicado sobre Av. Espa\u00f1a.<\/p>\n\n\n\n<p>En un r\u00e1pido accionar policial el rodado fue secuestrado en calle Bozzano al 1000 por lo que fue restituida al propietario, y el joven por su parte fue aprehendido y trasladado a la comisar\u00eda local.<\/p>\n","protected":false},"excerpt":{"rendered":"<p>Este domingo la polic\u00eda de nuestra ciudad realiz\u00f3 la aprehensi\u00f3n de un joven delincuente que sustrajo una bicicleta de estacionamiento del Club Pescadores. El siniestro ocurri\u00f3 en la tarde de este domingo cuando un joven de 22 a\u00f1os sustrajo una bicicleta tipo Mountain Bike que se encontraba parada sin seguridad en el estacionamiento del Club [&hellip;]<\/p>\n","protected":false},"author":4,"featured_media":78843,"comment_status":"open","ping_status":"closed","sticky":false,"template":"","format":"standard","meta":{"om_disable_all_campaigns":false,"_jetpack_memberships_contains_paid_content":false,"footnotes":""},"categories":[2,103],"tags":[],"class_list":["post-86124","post","type-post","status-publish","format-standard","has-post-thumbnail","hentry","category-locales","category-policiales-locales"],"aioseo_notices":[],"gutentor_comment":0,"jetpack_featured_media_url":"https:\/\/eldiariodesanpedro.com.ar\/sitio\/wp-content\/uploads\/2020\/08\/0.jpg","jetpack_shortlink":"https:\/\/wp.me\/p6RhLt-mp6","jetpack_sharing_enabled":true,"_links":{"self":[{"href":"https:\/\/eldiariodesanpedro.com.ar\/sitio\/wp-json\/wp\/v2\/posts\/86124","targetHints":{"allow":["GET"]}}],"collection":[{"href":"https:\/\/eldiariodesanpedro.com.ar\/sitio\/wp-json\/wp\/v2\/posts"}],"about":[{"href":"https:\/\/eldiariodesanpedro.com.ar\/sitio\/wp-json\/wp\/v2\/types\/post"}],"author":[{"embeddable":true,"href":"https:\/\/eldiariodesanpedro.com.ar\/sitio\/wp-json\/wp\/v2\/users\/4"}],"replies":[{"embeddable":true,"href":"https:\/\/eldiariodesanpedro.com.ar\/sitio\/wp-json\/wp\/v2\/comments?post=86124"}],"version-history":[{"count":1,"href":"https:\/\/eldiariodesanpedro.com.ar\/sitio\/wp-json\/wp\/v2\/posts\/86124\/revisions"}],"predecessor-version":[{"id":86125,"href":"https:\/\/eldiariodesanpedro.com.ar\/sitio\/wp-json\/wp\/v2\/posts\/86124\/revisions\/86125"}],"wp:featuredmedia":[{"embeddable":true,"href":"https:\/\/eldiariodesanpedro.com.ar\/sitio\/wp-json\/wp\/v2\/media\/78843"}],"wp:attachment":[{"href":"https:\/\/eldiariodesanpedro.com.ar\/sitio\/wp-json\/wp\/v2\/media?parent=86124"}],"wp:term":[{"taxonomy":"category","embeddable":true,"href":"https:\/\/eldiariodesanpedro.com.ar\/sitio\/wp-json\/wp\/v2\/categories?post=86124"},{"taxonomy":"post_tag","embeddable":true,"href":"https:\/\/eldiariodesanpedro.com.ar\/sitio\/wp-json\/wp\/v2\/tags?post=86124"}],"curies":[{"name":"wp","href":"https:\/\/api.w.org\/{rel}","templated":true}]}}