{"id":86122,"date":"2021-01-18T11:58:06","date_gmt":"2021-01-18T14:58:06","guid":{"rendered":"https:\/\/eldiariodesanpedro.com.ar\/sitio\/?p=86122"},"modified":"2021-01-18T11:58:07","modified_gmt":"2021-01-18T14:58:07","slug":"lo-acuchillaron-para-robarle-el-celular","status":"publish","type":"post","link":"https:\/\/eldiariodesanpedro.com.ar\/sitio\/lo-acuchillaron-para-robarle-el-celular\/","title":{"rendered":"Lo acuchillaron para robarle el celular"},"content":{"rendered":"<!-- VideographyWP Plugin Message: Automatic video embedding prevented by plugin options. -->\n\n<p>En horas de la madrugada de este lunes un joven que circulaba por la v\u00eda p\u00fablica fue abordado por dos delincuentes quienes para robarle lo tuvieron que apu\u00f1alar.<\/p>\n\n\n\n<p>El hecho ocurri\u00f3 en calle Balcarce y Miguel Porta en horas de la madrugada de este lunes cuando un ciudadano de 52 a\u00f1os mientras caminaba fue abordado por dos delincuentes quienes le sustraen un tel\u00e9fono Samsung J4, al resistirse el ciudadano sufre un ataque con un cuchillo que fue incrustado en el om\u00f3plato izquierdo.<\/p>\n\n\n\n<p>El hombre fue trasladado al nosocomio local donde tras recibir las atenciones necesarias se pudo constatar que las heridas son de car\u00e1cter leves.<\/p>\n","protected":false},"excerpt":{"rendered":"<p>En horas de la madrugada de este lunes un joven que circulaba por la v\u00eda p\u00fablica fue abordado por dos delincuentes quienes para robarle lo tuvieron que apu\u00f1alar. El hecho ocurri\u00f3 en calle Balcarce y Miguel Porta en horas de la madrugada de este lunes cuando un ciudadano de 52 a\u00f1os mientras caminaba fue abordado [&hellip;]<\/p>\n","protected":false},"author":4,"featured_media":77860,"comment_status":"open","ping_status":"closed","sticky":false,"template":"","format":"standard","meta":{"om_disable_all_campaigns":false,"_jetpack_memberships_contains_paid_content":false,"footnotes":""},"categories":[2,103],"tags":[],"class_list":["post-86122","post","type-post","status-publish","format-standard","has-post-thumbnail","hentry","category-locales","category-policiales-locales"],"aioseo_notices":[],"gutentor_comment":0,"jetpack_featured_media_url":"https:\/\/eldiariodesanpedro.com.ar\/sitio\/wp-content\/uploads\/2020\/07\/000085506.jpg","jetpack_shortlink":"https:\/\/wp.me\/p6RhLt-mp4","jetpack_sharing_enabled":true,"_links":{"self":[{"href":"https:\/\/eldiariodesanpedro.com.ar\/sitio\/wp-json\/wp\/v2\/posts\/86122","targetHints":{"allow":["GET"]}}],"collection":[{"href":"https:\/\/eldiariodesanpedro.com.ar\/sitio\/wp-json\/wp\/v2\/posts"}],"about":[{"href":"https:\/\/eldiariodesanpedro.com.ar\/sitio\/wp-json\/wp\/v2\/types\/post"}],"author":[{"embeddable":true,"href":"https:\/\/eldiariodesanpedro.com.ar\/sitio\/wp-json\/wp\/v2\/users\/4"}],"replies":[{"embeddable":true,"href":"https:\/\/eldiariodesanpedro.com.ar\/sitio\/wp-json\/wp\/v2\/comments?post=86122"}],"version-history":[{"count":1,"href":"https:\/\/eldiariodesanpedro.com.ar\/sitio\/wp-json\/wp\/v2\/posts\/86122\/revisions"}],"predecessor-version":[{"id":86123,"href":"https:\/\/eldiariodesanpedro.com.ar\/sitio\/wp-json\/wp\/v2\/posts\/86122\/revisions\/86123"}],"wp:featuredmedia":[{"embeddable":true,"href":"https:\/\/eldiariodesanpedro.com.ar\/sitio\/wp-json\/wp\/v2\/media\/77860"}],"wp:attachment":[{"href":"https:\/\/eldiariodesanpedro.com.ar\/sitio\/wp-json\/wp\/v2\/media?parent=86122"}],"wp:term":[{"taxonomy":"category","embeddable":true,"href":"https:\/\/eldiariodesanpedro.com.ar\/sitio\/wp-json\/wp\/v2\/categories?post=86122"},{"taxonomy":"post_tag","embeddable":true,"href":"https:\/\/eldiariodesanpedro.com.ar\/sitio\/wp-json\/wp\/v2\/tags?post=86122"}],"curies":[{"name":"wp","href":"https:\/\/api.w.org\/{rel}","templated":true}]}}