{"id":86120,"date":"2021-01-18T11:41:50","date_gmt":"2021-01-18T14:41:50","guid":{"rendered":"https:\/\/eldiariodesanpedro.com.ar\/sitio\/?p=86120"},"modified":"2021-01-18T11:41:52","modified_gmt":"2021-01-18T14:41:52","slug":"el-intendente-cecilio-salazar-retoma-sus-funciones-a-partir-de-hoy","status":"publish","type":"post","link":"https:\/\/eldiariodesanpedro.com.ar\/sitio\/el-intendente-cecilio-salazar-retoma-sus-funciones-a-partir-de-hoy\/","title":{"rendered":"El Intendente Cecilio Salazar retoma sus funciones a partir de hoy"},"content":{"rendered":"<!-- VideographyWP Plugin Message: Automatic video embedding prevented by plugin options. -->\n\n<p>Tras dos semanas de vacaciones el Intendente Cecilio Salazar retoma sus actividades y su hijo el Dr. Ramon Salazar quien estuvo como interino vuelve a ocupar su cargo de coordinador.<\/p>\n\n\n\n<p>A pesar de estar de vacaciones Salazar tuvo reuniones con representantes del Partido Fe durante la ultima semana.<\/p>\n\n\n\n<p>De cualquier manera el jefe comunal continua a la espera de un intervenci\u00f3n quir\u00fargica que se realizara en los me\u00f1iscos de una de sus rodillas que lo dejara sin trabajar unos d\u00edas y nuevamente su hijo ocupara el lugar.<\/p>\n","protected":false},"excerpt":{"rendered":"<p>Tras dos semanas de vacaciones el Intendente Cecilio Salazar retoma sus actividades y su hijo el Dr. Ramon Salazar quien estuvo como interino vuelve a ocupar su cargo de coordinador. A pesar de estar de vacaciones Salazar tuvo reuniones con representantes del Partido Fe durante la ultima semana. De cualquier manera el jefe comunal continua [&hellip;]<\/p>\n","protected":false},"author":4,"featured_media":84842,"comment_status":"open","ping_status":"closed","sticky":false,"template":"","format":"standard","meta":{"om_disable_all_campaigns":false,"_jetpack_memberships_contains_paid_content":false,"footnotes":""},"categories":[50,101,2],"tags":[],"class_list":["post-86120","post","type-post","status-publish","format-standard","has-post-thumbnail","hentry","category-destacadas","category-interes-general-locales","category-locales"],"aioseo_notices":[],"gutentor_comment":0,"jetpack_featured_media_url":"https:\/\/eldiariodesanpedro.com.ar\/sitio\/wp-content\/uploads\/2020\/12\/DSC_0010-scaled-e1608730100568.jpg","jetpack_shortlink":"https:\/\/wp.me\/p6RhLt-mp2","jetpack_sharing_enabled":true,"_links":{"self":[{"href":"https:\/\/eldiariodesanpedro.com.ar\/sitio\/wp-json\/wp\/v2\/posts\/86120","targetHints":{"allow":["GET"]}}],"collection":[{"href":"https:\/\/eldiariodesanpedro.com.ar\/sitio\/wp-json\/wp\/v2\/posts"}],"about":[{"href":"https:\/\/eldiariodesanpedro.com.ar\/sitio\/wp-json\/wp\/v2\/types\/post"}],"author":[{"embeddable":true,"href":"https:\/\/eldiariodesanpedro.com.ar\/sitio\/wp-json\/wp\/v2\/users\/4"}],"replies":[{"embeddable":true,"href":"https:\/\/eldiariodesanpedro.com.ar\/sitio\/wp-json\/wp\/v2\/comments?post=86120"}],"version-history":[{"count":1,"href":"https:\/\/eldiariodesanpedro.com.ar\/sitio\/wp-json\/wp\/v2\/posts\/86120\/revisions"}],"predecessor-version":[{"id":86121,"href":"https:\/\/eldiariodesanpedro.com.ar\/sitio\/wp-json\/wp\/v2\/posts\/86120\/revisions\/86121"}],"wp:featuredmedia":[{"embeddable":true,"href":"https:\/\/eldiariodesanpedro.com.ar\/sitio\/wp-json\/wp\/v2\/media\/84842"}],"wp:attachment":[{"href":"https:\/\/eldiariodesanpedro.com.ar\/sitio\/wp-json\/wp\/v2\/media?parent=86120"}],"wp:term":[{"taxonomy":"category","embeddable":true,"href":"https:\/\/eldiariodesanpedro.com.ar\/sitio\/wp-json\/wp\/v2\/categories?post=86120"},{"taxonomy":"post_tag","embeddable":true,"href":"https:\/\/eldiariodesanpedro.com.ar\/sitio\/wp-json\/wp\/v2\/tags?post=86120"}],"curies":[{"name":"wp","href":"https:\/\/api.w.org\/{rel}","templated":true}]}}