{"id":86115,"date":"2021-01-18T11:15:50","date_gmt":"2021-01-18T14:15:50","guid":{"rendered":"https:\/\/eldiariodesanpedro.com.ar\/sitio\/?p=86115"},"modified":"2021-01-18T11:15:55","modified_gmt":"2021-01-18T14:15:55","slug":"un-joven-detenido-por-violacion-de-un-familiar","status":"publish","type":"post","link":"https:\/\/eldiariodesanpedro.com.ar\/sitio\/un-joven-detenido-por-violacion-de-un-familiar\/","title":{"rendered":"Un joven detenido por violaci\u00f3n de un familiar"},"content":{"rendered":"<!-- VideographyWP Plugin Message: Automatic video embedding prevented by plugin options. -->\n\n<p>Este viernes un joven se hizo presente junto a su padre en la comisar\u00eda local entreg\u00e1ndose por un hecho de abuso sexual.<\/p>\n\n\n\n<p>El hecho habr\u00eda ocurrido el pasado viernes y se ve involucrado un joven de 31 a\u00f1os de edad quien fue denunciado por la v\u00edctima una joven de 29 a\u00f1os cu\u00f1ada del acusado.<\/p>\n\n\n\n<p>Seg\u00fan la denuncia realizada por la v\u00edctima de la Comisaria de la Mujer y la Familia el hecho ocurrido en horas de la madrugada del viernes y horas mas tardes la mujer se acerco a la comisaria local donde tras chequeos medicos correspondientes la causa fue caratulada como Abuso sexual con acceso carnal por la Fiscalia N\u00ba 7.<\/p>\n\n\n\n<p>Alrededor de las 22 hs el denunciado se hace presente en la comisar\u00eda local junto a su padre donde fue detenido por la polic\u00eda.<\/p>\n","protected":false},"excerpt":{"rendered":"<p>Este viernes un joven se hizo presente junto a su padre en la comisar\u00eda local entreg\u00e1ndose por un hecho de abuso sexual. El hecho habr\u00eda ocurrido el pasado viernes y se ve involucrado un joven de 31 a\u00f1os de edad quien fue denunciado por la v\u00edctima una joven de 29 a\u00f1os cu\u00f1ada del acusado. Seg\u00fan [&hellip;]<\/p>\n","protected":false},"author":4,"featured_media":80098,"comment_status":"open","ping_status":"closed","sticky":false,"template":"","format":"standard","meta":{"om_disable_all_campaigns":false,"_jetpack_memberships_contains_paid_content":false,"footnotes":""},"categories":[50,2,103],"tags":[],"class_list":["post-86115","post","type-post","status-publish","format-standard","has-post-thumbnail","hentry","category-destacadas","category-locales","category-policiales-locales"],"aioseo_notices":[],"gutentor_comment":0,"jetpack_featured_media_url":"https:\/\/eldiariodesanpedro.com.ar\/sitio\/wp-content\/uploads\/2020\/08\/la-comisaria-de-la-mujer___w9ngJVkEw_640x361__1.jpg","jetpack_shortlink":"https:\/\/wp.me\/p6RhLt-moX","jetpack_sharing_enabled":true,"_links":{"self":[{"href":"https:\/\/eldiariodesanpedro.com.ar\/sitio\/wp-json\/wp\/v2\/posts\/86115","targetHints":{"allow":["GET"]}}],"collection":[{"href":"https:\/\/eldiariodesanpedro.com.ar\/sitio\/wp-json\/wp\/v2\/posts"}],"about":[{"href":"https:\/\/eldiariodesanpedro.com.ar\/sitio\/wp-json\/wp\/v2\/types\/post"}],"author":[{"embeddable":true,"href":"https:\/\/eldiariodesanpedro.com.ar\/sitio\/wp-json\/wp\/v2\/users\/4"}],"replies":[{"embeddable":true,"href":"https:\/\/eldiariodesanpedro.com.ar\/sitio\/wp-json\/wp\/v2\/comments?post=86115"}],"version-history":[{"count":1,"href":"https:\/\/eldiariodesanpedro.com.ar\/sitio\/wp-json\/wp\/v2\/posts\/86115\/revisions"}],"predecessor-version":[{"id":86116,"href":"https:\/\/eldiariodesanpedro.com.ar\/sitio\/wp-json\/wp\/v2\/posts\/86115\/revisions\/86116"}],"wp:featuredmedia":[{"embeddable":true,"href":"https:\/\/eldiariodesanpedro.com.ar\/sitio\/wp-json\/wp\/v2\/media\/80098"}],"wp:attachment":[{"href":"https:\/\/eldiariodesanpedro.com.ar\/sitio\/wp-json\/wp\/v2\/media?parent=86115"}],"wp:term":[{"taxonomy":"category","embeddable":true,"href":"https:\/\/eldiariodesanpedro.com.ar\/sitio\/wp-json\/wp\/v2\/categories?post=86115"},{"taxonomy":"post_tag","embeddable":true,"href":"https:\/\/eldiariodesanpedro.com.ar\/sitio\/wp-json\/wp\/v2\/tags?post=86115"}],"curies":[{"name":"wp","href":"https:\/\/api.w.org\/{rel}","templated":true}]}}