{"id":86040,"date":"2021-01-15T10:43:23","date_gmt":"2021-01-15T13:43:23","guid":{"rendered":"https:\/\/eldiariodesanpedro.com.ar\/sitio\/?p=86040"},"modified":"2021-01-15T10:43:27","modified_gmt":"2021-01-15T13:43:27","slug":"zarate-delincuente-robo-fue-perseguido-chocado-y-detenido-termino-con-una-fractura-expuesta","status":"publish","type":"post","link":"https:\/\/eldiariodesanpedro.com.ar\/sitio\/zarate-delincuente-robo-fue-perseguido-chocado-y-detenido-termino-con-una-fractura-expuesta\/","title":{"rendered":"Z\u00c1RATE | Delincuente rob\u00f3, fue perseguido, chocado y detenido: termin\u00f3 con una fractura expuesta"},"content":{"rendered":"<!-- VideographyWP Plugin Message: Automatic video embedding prevented by plugin options. -->\n\n<p>Esta medianoche dos delincuentes en moto robaron en un comercio del barrio 4 Esquinas de Z\u00e1rate, ubicado en inmediaciones del Parque Industrial.<\/p>\n\n\n\n<p>Una vez cometido el il\u00edcito ambos emprendieron la huida en dicho veh\u00edculo, pero lo que no sab\u00edan es que el hijo de la v\u00edctima los persegu\u00eda en su autom\u00f3vil particular.<\/p>\n\n\n\n<p>Producida la colisi\u00f3n para evitar que se escapen, uno de ellos termin\u00f3 con una fractura expuesta en el tobillo izquierdo: el malviviente tiene 22 a\u00f1os de edad y un frondoso prontuario. Adem\u00e1s registra una orden de detenci\u00f3n activa por evasi\u00f3n, en el marco de una causa caratulada como \u00abhomicidio agravado por el uso de arma de fuego en grado de tentativa\u00bb, habi\u00e9ndose fugado de la Unidad Carcelaria 11 de Baradero.<\/p>\n\n\n\n<p>Su c\u00f3mplice huyo y trascendi\u00f3 que la moto, una Yamaha Tenere, pose\u00eda un pedido de secuestro activo desde el 11 de Enero de este a\u00f1o, d\u00edas atr\u00e1s, por el delito de hurto a solicitud de la Comisar\u00eda 1ra de Z\u00e1rate.<\/p>\n\n\n\n<p>Intervino Comando Patrulla, Gabinete Criminol\u00f3gico de la Comisar\u00eda 1ra, Direcci\u00f3n de Prevenci\u00f3n Urbana y la ambulancia del SEMU que lo traslad\u00f3 al hospital.<\/p>\n\n\n\n<p>Fuente: <a href=\"http:\/\/www.enlacecritico.com\/destacados\/delincuente-robo-fue-perseguido-chocado-y-detenido-termino-con-una-fractura-expuesta\/\">Enlace Critico<\/a><\/p>\n","protected":false},"excerpt":{"rendered":"<p>Esta medianoche dos delincuentes en moto robaron en un comercio del barrio 4 Esquinas de Z\u00e1rate, ubicado en inmediaciones del Parque Industrial. Una vez cometido el il\u00edcito ambos emprendieron la huida en dicho veh\u00edculo, pero lo que no sab\u00edan es que el hijo de la v\u00edctima los persegu\u00eda en su autom\u00f3vil particular. Producida la colisi\u00f3n [&hellip;]<\/p>\n","protected":false},"author":4,"featured_media":86041,"comment_status":"open","ping_status":"closed","sticky":false,"template":"","format":"standard","meta":{"om_disable_all_campaigns":false,"_jetpack_memberships_contains_paid_content":false,"footnotes":""},"categories":[621],"tags":[],"class_list":["post-86040","post","type-post","status-publish","format-standard","has-post-thumbnail","hentry","category-regionales"],"aioseo_notices":[],"gutentor_comment":0,"jetpack_featured_media_url":"https:\/\/eldiariodesanpedro.com.ar\/sitio\/wp-content\/uploads\/2021\/01\/Delincuente-1.jpg","jetpack_shortlink":"https:\/\/wp.me\/p6RhLt-mnK","jetpack_sharing_enabled":true,"_links":{"self":[{"href":"https:\/\/eldiariodesanpedro.com.ar\/sitio\/wp-json\/wp\/v2\/posts\/86040","targetHints":{"allow":["GET"]}}],"collection":[{"href":"https:\/\/eldiariodesanpedro.com.ar\/sitio\/wp-json\/wp\/v2\/posts"}],"about":[{"href":"https:\/\/eldiariodesanpedro.com.ar\/sitio\/wp-json\/wp\/v2\/types\/post"}],"author":[{"embeddable":true,"href":"https:\/\/eldiariodesanpedro.com.ar\/sitio\/wp-json\/wp\/v2\/users\/4"}],"replies":[{"embeddable":true,"href":"https:\/\/eldiariodesanpedro.com.ar\/sitio\/wp-json\/wp\/v2\/comments?post=86040"}],"version-history":[{"count":1,"href":"https:\/\/eldiariodesanpedro.com.ar\/sitio\/wp-json\/wp\/v2\/posts\/86040\/revisions"}],"predecessor-version":[{"id":86042,"href":"https:\/\/eldiariodesanpedro.com.ar\/sitio\/wp-json\/wp\/v2\/posts\/86040\/revisions\/86042"}],"wp:featuredmedia":[{"embeddable":true,"href":"https:\/\/eldiariodesanpedro.com.ar\/sitio\/wp-json\/wp\/v2\/media\/86041"}],"wp:attachment":[{"href":"https:\/\/eldiariodesanpedro.com.ar\/sitio\/wp-json\/wp\/v2\/media?parent=86040"}],"wp:term":[{"taxonomy":"category","embeddable":true,"href":"https:\/\/eldiariodesanpedro.com.ar\/sitio\/wp-json\/wp\/v2\/categories?post=86040"},{"taxonomy":"post_tag","embeddable":true,"href":"https:\/\/eldiariodesanpedro.com.ar\/sitio\/wp-json\/wp\/v2\/tags?post=86040"}],"curies":[{"name":"wp","href":"https:\/\/api.w.org\/{rel}","templated":true}]}}