{"id":86038,"date":"2021-01-15T10:39:12","date_gmt":"2021-01-15T13:39:12","guid":{"rendered":"https:\/\/eldiariodesanpedro.com.ar\/sitio\/?p=86038"},"modified":"2021-01-15T10:39:16","modified_gmt":"2021-01-15T13:39:16","slug":"araceli-tome-de-93-anos-nueva-victima-de-coronavirus","status":"publish","type":"post","link":"https:\/\/eldiariodesanpedro.com.ar\/sitio\/araceli-tome-de-93-anos-nueva-victima-de-coronavirus\/","title":{"rendered":"Araceli Tom\u00e9, de 93 a\u00f1os nueva victima de coronavirus"},"content":{"rendered":"<!-- VideographyWP Plugin Message: Automatic video embedding prevented by plugin options. -->\n\n<p>La Secretar\u00eda de Salud de la Municipalidad de San Pedro informa el fallecimiento de la Sra. Araceli Tom\u00e9, de 93 a\u00f1os, diagnosticada como Covid positivo, quien se encontraba internada en el Hospital Emilio Ruffa.<\/p>\n\n\n\n<p>Su deceso se convierte en el N\u00b065 desde el inicio de la Pandemia. Acompa\u00f1amos a sus familiares y seres queridos con nuestras condolencias.<\/p>\n","protected":false},"excerpt":{"rendered":"<p>La Secretar\u00eda de Salud de la Municipalidad de San Pedro informa el fallecimiento de la Sra. Araceli Tom\u00e9, de 93 a\u00f1os, diagnosticada como Covid positivo, quien se encontraba internada en el Hospital Emilio Ruffa. Su deceso se convierte en el N\u00b065 desde el inicio de la Pandemia. Acompa\u00f1amos a sus familiares y seres queridos con [&hellip;]<\/p>\n","protected":false},"author":4,"featured_media":77464,"comment_status":"open","ping_status":"closed","sticky":false,"template":"","format":"standard","meta":{"om_disable_all_campaigns":false,"_jetpack_memberships_contains_paid_content":false,"footnotes":""},"categories":[50,101,2],"tags":[],"class_list":["post-86038","post","type-post","status-publish","format-standard","has-post-thumbnail","hentry","category-destacadas","category-interes-general-locales","category-locales"],"aioseo_notices":[],"gutentor_comment":0,"jetpack_featured_media_url":"https:\/\/eldiariodesanpedro.com.ar\/sitio\/wp-content\/uploads\/2020\/07\/5e87e1dede692.jpeg","jetpack_shortlink":"https:\/\/wp.me\/p6RhLt-mnI","jetpack_sharing_enabled":true,"_links":{"self":[{"href":"https:\/\/eldiariodesanpedro.com.ar\/sitio\/wp-json\/wp\/v2\/posts\/86038","targetHints":{"allow":["GET"]}}],"collection":[{"href":"https:\/\/eldiariodesanpedro.com.ar\/sitio\/wp-json\/wp\/v2\/posts"}],"about":[{"href":"https:\/\/eldiariodesanpedro.com.ar\/sitio\/wp-json\/wp\/v2\/types\/post"}],"author":[{"embeddable":true,"href":"https:\/\/eldiariodesanpedro.com.ar\/sitio\/wp-json\/wp\/v2\/users\/4"}],"replies":[{"embeddable":true,"href":"https:\/\/eldiariodesanpedro.com.ar\/sitio\/wp-json\/wp\/v2\/comments?post=86038"}],"version-history":[{"count":1,"href":"https:\/\/eldiariodesanpedro.com.ar\/sitio\/wp-json\/wp\/v2\/posts\/86038\/revisions"}],"predecessor-version":[{"id":86039,"href":"https:\/\/eldiariodesanpedro.com.ar\/sitio\/wp-json\/wp\/v2\/posts\/86038\/revisions\/86039"}],"wp:featuredmedia":[{"embeddable":true,"href":"https:\/\/eldiariodesanpedro.com.ar\/sitio\/wp-json\/wp\/v2\/media\/77464"}],"wp:attachment":[{"href":"https:\/\/eldiariodesanpedro.com.ar\/sitio\/wp-json\/wp\/v2\/media?parent=86038"}],"wp:term":[{"taxonomy":"category","embeddable":true,"href":"https:\/\/eldiariodesanpedro.com.ar\/sitio\/wp-json\/wp\/v2\/categories?post=86038"},{"taxonomy":"post_tag","embeddable":true,"href":"https:\/\/eldiariodesanpedro.com.ar\/sitio\/wp-json\/wp\/v2\/tags?post=86038"}],"curies":[{"name":"wp","href":"https:\/\/api.w.org\/{rel}","templated":true}]}}