{"id":86035,"date":"2021-01-15T10:37:27","date_gmt":"2021-01-15T13:37:27","guid":{"rendered":"https:\/\/eldiariodesanpedro.com.ar\/sitio\/?p=86035"},"modified":"2021-01-15T10:37:28","modified_gmt":"2021-01-15T13:37:28","slug":"campana-prefectura-naval-sumo-seis-lanchas-para-reforzar-los-controles-en-el-delta-del-parana","status":"publish","type":"post","link":"https:\/\/eldiariodesanpedro.com.ar\/sitio\/campana-prefectura-naval-sumo-seis-lanchas-para-reforzar-los-controles-en-el-delta-del-parana\/","title":{"rendered":"CAMPANA | Prefectura Naval sum\u00f3 seis lanchas para reforzar los controles en el Delta del Paran\u00e1"},"content":{"rendered":"<!-- VideographyWP Plugin Message: Automatic video embedding prevented by plugin options. -->\n\n<p>El Ministerio de Seguridad de la Naci\u00f3n realiz\u00f3 la entrega de las embarcaciones en el marco del Operativo \u201cVerano Seguro\u201d.<\/p>\n\n\n\n<p>Prefectura Naval Argentina sum\u00f3 seis lanchas que permitir\u00e1n reforzar los controles durante la temporada de verano en la zona del Delta del r\u00edo Paran\u00e1, en el marco del Operativo Verano Seguro.<\/p>\n\n\n\n<p>Se trata de seis lanchas de tipo Tracker, con capacidad para cuatro pasajeros, equipadas con instrumentos modernos de comunicaciones, b\u00fasqueda y dispositivo salvavidas, cuyo objetivo es el control de la navegaci\u00f3n deportiva y de esparcimiento, como as\u00ed tambi\u00e9n la asistencia a navegantes y embarcaciones.<\/p>\n\n\n\n<p>La entrega de las embarcaciones fue realizada por la ministra de Seguridad, Sabina Frederic, quien asegur\u00f3 que \u201cesta incorporaci\u00f3n va a permitir trabajar con los dispositivos necesarios, \u00fatiles y preparados para dar las indicaciones correspondientes a quienes deban saber qu\u00e9 se tiene que hacer y qu\u00e9 no se puede ni debe hacer para que no produzcan accidentes\u201d.<\/p>\n\n\n\n<p>Y concluy\u00f3: \u201cLamentablemente, todos los fines de semana recibimos partes de la Prefectura Naval que informan que deben intervenir ante distintos eventos, como kayaks que se dan vuelta o gente que sube a embarcaciones sin respetar los l\u00edmites establecidos del distanciamiento social para prevenir el incremento del Covid-19. Estas seis lanchas van a contribuir a brindar m\u00e1s seguridad a las personas en el r\u00edo\u201d.<\/p>\n\n\n\n<p>Fuente: <a href=\"https:\/\/www.campananoticias.com\/noticia\/65482\/prefectura-naval-sum-seis-lanchas-para-reforzar-los-controles-en-el-delta-del-paran\">Campana Noticias<\/a><\/p>\n","protected":false},"excerpt":{"rendered":"<p>El Ministerio de Seguridad de la Naci\u00f3n realiz\u00f3 la entrega de las embarcaciones en el marco del Operativo \u201cVerano Seguro\u201d. Prefectura Naval Argentina sum\u00f3 seis lanchas que permitir\u00e1n reforzar los controles durante la temporada de verano en la zona del Delta del r\u00edo Paran\u00e1, en el marco del Operativo Verano Seguro. Se trata de seis [&hellip;]<\/p>\n","protected":false},"author":4,"featured_media":86036,"comment_status":"open","ping_status":"closed","sticky":false,"template":"","format":"standard","meta":{"om_disable_all_campaigns":false,"_jetpack_memberships_contains_paid_content":false,"footnotes":""},"categories":[621],"tags":[],"class_list":["post-86035","post","type-post","status-publish","format-standard","has-post-thumbnail","hentry","category-regionales"],"aioseo_notices":[],"gutentor_comment":0,"jetpack_featured_media_url":"https:\/\/eldiariodesanpedro.com.ar\/sitio\/wp-content\/uploads\/2021\/01\/20210114092221.jpg","jetpack_shortlink":"https:\/\/wp.me\/p6RhLt-mnF","jetpack_sharing_enabled":true,"_links":{"self":[{"href":"https:\/\/eldiariodesanpedro.com.ar\/sitio\/wp-json\/wp\/v2\/posts\/86035","targetHints":{"allow":["GET"]}}],"collection":[{"href":"https:\/\/eldiariodesanpedro.com.ar\/sitio\/wp-json\/wp\/v2\/posts"}],"about":[{"href":"https:\/\/eldiariodesanpedro.com.ar\/sitio\/wp-json\/wp\/v2\/types\/post"}],"author":[{"embeddable":true,"href":"https:\/\/eldiariodesanpedro.com.ar\/sitio\/wp-json\/wp\/v2\/users\/4"}],"replies":[{"embeddable":true,"href":"https:\/\/eldiariodesanpedro.com.ar\/sitio\/wp-json\/wp\/v2\/comments?post=86035"}],"version-history":[{"count":1,"href":"https:\/\/eldiariodesanpedro.com.ar\/sitio\/wp-json\/wp\/v2\/posts\/86035\/revisions"}],"predecessor-version":[{"id":86037,"href":"https:\/\/eldiariodesanpedro.com.ar\/sitio\/wp-json\/wp\/v2\/posts\/86035\/revisions\/86037"}],"wp:featuredmedia":[{"embeddable":true,"href":"https:\/\/eldiariodesanpedro.com.ar\/sitio\/wp-json\/wp\/v2\/media\/86036"}],"wp:attachment":[{"href":"https:\/\/eldiariodesanpedro.com.ar\/sitio\/wp-json\/wp\/v2\/media?parent=86035"}],"wp:term":[{"taxonomy":"category","embeddable":true,"href":"https:\/\/eldiariodesanpedro.com.ar\/sitio\/wp-json\/wp\/v2\/categories?post=86035"},{"taxonomy":"post_tag","embeddable":true,"href":"https:\/\/eldiariodesanpedro.com.ar\/sitio\/wp-json\/wp\/v2\/tags?post=86035"}],"curies":[{"name":"wp","href":"https:\/\/api.w.org\/{rel}","templated":true}]}}