{"id":86031,"date":"2021-01-15T10:35:43","date_gmt":"2021-01-15T13:35:43","guid":{"rendered":"https:\/\/eldiariodesanpedro.com.ar\/sitio\/?p=86031"},"modified":"2021-01-15T10:35:47","modified_gmt":"2021-01-15T13:35:47","slug":"campana-un-centenar-de-vecinos-con-sintomas-se-presentaron-al-campana-testea","status":"publish","type":"post","link":"https:\/\/eldiariodesanpedro.com.ar\/sitio\/campana-un-centenar-de-vecinos-con-sintomas-se-presentaron-al-campana-testea\/","title":{"rendered":"CAMPANA | Un centenar de vecinos con s\u00edntomas se presentaron al \u00abCampana Testea\u00bb"},"content":{"rendered":"<!-- VideographyWP Plugin Message: Automatic video embedding prevented by plugin options. -->\n\n<p>En la primera jornada realizada este jueves frente al Palacio Municipal acudieron 120 personas, de los cuales el 7% result\u00f3 positivo de COVID-19. El operativo fue suspendido en el d\u00eda de hoy, a causa del mal tiempo.\u00a0<\/p>\n\n\n\n<p>En medio de la suba de casos de coronavirus en la ciudad, se puso en marcha un programa de testeos r\u00e1pidos para acelerar la detecci\u00f3n de casos y evitar as\u00ed la propagaci\u00f3n de contagios. Y en su primer d\u00eda recibi\u00f3 a 120 vecinos con s\u00edntomas, de los cuales el 7% result\u00f3 positivo de COVID-19.<\/p>\n\n\n\n<p>As\u00ed fue como la explanada del Palacio Municipal y sus alrededores dejaron su fisonom\u00eda habitual para convertirse en una \u201cestaci\u00f3n\u201d de testeos con carpas, m\u00e9dicos, enfermeros y cientos de kits para detectar en tan solo 15 minutos la presencia del SARS-CoV.<\/p>\n\n\n\n<p>Bajo el lema \u00abCampana Testea\u00bb, el operativo se llev\u00f3 adelante de 18 a 20, pero una hora antes ya se pudo observar los automovilistas bordeando la plaza principal de la ciudad. Tambi\u00e9n llegaron vecinos a pie que esperaron su turno en sillas dispuestas en el Patio de las Am\u00e9ricas.<\/p>\n\n\n\n<p>Es que tal como se anunci\u00f3, no hizo falta sacar turno previo y, los que concurrieron en veh\u00edculo, solo tuvieron que bajar la ventanilla. Primero pasaron por un sistema de triage, a trav\u00e9s del cual profesionales m\u00e9dicos y voluntarios de la Cruz Roja hicieron una serie de preguntas al paciente y, luego, se los trasladaba al sector de las carpas situadas sobre el boulevard Dellepiane donde se realizaba el hisopado nasofar\u00edngeo, es decir a trav\u00e9s de las fosas nasales.<\/p>\n\n\n\n<p>El resultado lo obtuvieron en apenas 15 minutos y, en&nbsp;los casos positivos, se dio intervenci\u00f3n al equipo m\u00e9dico de la Secretar\u00eda de Salud del Municipio para determinar los pasos a seguir.<\/p>\n\n\n\n<p>Durante el operativo se realiz\u00f3 la prueba de ant\u00edgeno, que detecta la prote\u00edna nucleoc\u00e1pside del virus que se encuentra en la superficie de su estructura. Y seg\u00fan explic\u00f3 la Secretar\u00eda de Salud, Cecilia Acciardi, \u201ces determinante cuando es positivo, pero en los pacientes sintom\u00e1ticos que dan negativo, no. Si est\u00e1n con s\u00edntomas de Covid son pacientes que igualmente tienen que aislarse, al igual que sus familias, y volver a consultar en las pr\u00f3ximas horas\u201d.<br><\/p>\n\n\n\n<p>Fuente: <a href=\"https:\/\/www.campananoticias.com\/noticia\/65487\/un-centenar-de-vecinos-con-sntomas-se-presentaron-al-campana-testea\">Campana Noticias<\/a><\/p>\n","protected":false},"excerpt":{"rendered":"<p>En la primera jornada realizada este jueves frente al Palacio Municipal acudieron 120 personas, de los cuales el 7% result\u00f3 positivo de COVID-19. El operativo fue suspendido en el d\u00eda de hoy, a causa del mal tiempo.\u00a0 En medio de la suba de casos de coronavirus en la ciudad, se puso en marcha un programa [&hellip;]<\/p>\n","protected":false},"author":4,"featured_media":86032,"comment_status":"open","ping_status":"closed","sticky":false,"template":"","format":"standard","meta":{"om_disable_all_campaigns":false,"_jetpack_memberships_contains_paid_content":false,"footnotes":""},"categories":[621],"tags":[],"class_list":["post-86031","post","type-post","status-publish","format-standard","has-post-thumbnail","hentry","category-regionales"],"aioseo_notices":[],"gutentor_comment":0,"jetpack_featured_media_url":"https:\/\/eldiariodesanpedro.com.ar\/sitio\/wp-content\/uploads\/2021\/01\/20210115120806.jpg","jetpack_shortlink":"https:\/\/wp.me\/p6RhLt-mnB","jetpack_sharing_enabled":true,"_links":{"self":[{"href":"https:\/\/eldiariodesanpedro.com.ar\/sitio\/wp-json\/wp\/v2\/posts\/86031","targetHints":{"allow":["GET"]}}],"collection":[{"href":"https:\/\/eldiariodesanpedro.com.ar\/sitio\/wp-json\/wp\/v2\/posts"}],"about":[{"href":"https:\/\/eldiariodesanpedro.com.ar\/sitio\/wp-json\/wp\/v2\/types\/post"}],"author":[{"embeddable":true,"href":"https:\/\/eldiariodesanpedro.com.ar\/sitio\/wp-json\/wp\/v2\/users\/4"}],"replies":[{"embeddable":true,"href":"https:\/\/eldiariodesanpedro.com.ar\/sitio\/wp-json\/wp\/v2\/comments?post=86031"}],"version-history":[{"count":1,"href":"https:\/\/eldiariodesanpedro.com.ar\/sitio\/wp-json\/wp\/v2\/posts\/86031\/revisions"}],"predecessor-version":[{"id":86033,"href":"https:\/\/eldiariodesanpedro.com.ar\/sitio\/wp-json\/wp\/v2\/posts\/86031\/revisions\/86033"}],"wp:featuredmedia":[{"embeddable":true,"href":"https:\/\/eldiariodesanpedro.com.ar\/sitio\/wp-json\/wp\/v2\/media\/86032"}],"wp:attachment":[{"href":"https:\/\/eldiariodesanpedro.com.ar\/sitio\/wp-json\/wp\/v2\/media?parent=86031"}],"wp:term":[{"taxonomy":"category","embeddable":true,"href":"https:\/\/eldiariodesanpedro.com.ar\/sitio\/wp-json\/wp\/v2\/categories?post=86031"},{"taxonomy":"post_tag","embeddable":true,"href":"https:\/\/eldiariodesanpedro.com.ar\/sitio\/wp-json\/wp\/v2\/tags?post=86031"}],"curies":[{"name":"wp","href":"https:\/\/api.w.org\/{rel}","templated":true}]}}