{"id":86028,"date":"2021-01-15T10:33:35","date_gmt":"2021-01-15T13:33:35","guid":{"rendered":"https:\/\/eldiariodesanpedro.com.ar\/sitio\/?p=86028"},"modified":"2021-01-15T10:33:39","modified_gmt":"2021-01-15T13:33:39","slug":"covid-19-un-estudio-argentino-demuestra-que-95-de-pacientes-desarrollo-anticuerpos-a-los-45-dias","status":"publish","type":"post","link":"https:\/\/eldiariodesanpedro.com.ar\/sitio\/covid-19-un-estudio-argentino-demuestra-que-95-de-pacientes-desarrollo-anticuerpos-a-los-45-dias\/","title":{"rendered":"Covid-19: un estudio argentino demuestra que 95% de pacientes desarroll\u00f3 anticuerpos a los 45 d\u00edas"},"content":{"rendered":"<!-- VideographyWP Plugin Message: Automatic video embedding prevented by plugin options. -->\n\n<p>Seg\u00fan los ensayos realizados por investigadores del Instituto Leloir y el Conicet m\u00e1s del 90 por ciento de los pacientes los ten\u00edan tras la tercera semana desde la aparici\u00f3n de los s\u00edntomas.<\/p>\n\n\n\n<p>del Laboratorio de Virolog\u00eda Molecular de la FIL e investigadora superior del Conicet.<\/p>\n\n\n\n<p>Gamarnik describi\u00f3 que \u00abhay diferentes tipos de anticuerpos; una parte de ellos son los que tienen efectos protectores o &#8216;neutralizantes&#8217; porque impiden que el virus infecte a la c\u00e9lula; la presencia de esos anticuerpos -que son los IgG- podr\u00edan impedir las reinfecciones y ser\u00edan los que tienen poder terap\u00e9utico en los plasmas de convalecientes\u00bb.<\/p>\n\n\n\n<p>La investigaci\u00f3n logr\u00f3 arribar a varias conclusiones: al medir los niveles de anticuerpos IgG e IgM a lo largo del tiempo en 100 individuos infectados se observ\u00f3 que \u00aben la mayor\u00eda de los casos la aparici\u00f3n de los dos anticuerpos ocurre en forma simult\u00e1nea\u00bb.<\/p>\n\n\n\n<p>\u00abEsta es una de las cosas que aprendimos del nuevo coronavirus y que es diferente a otras infecciones en la que primero aparecen los IgM y despu\u00e9s los IgG\u00bb, se\u00f1al\u00f3 por su parte, Beatriz Perazzi, tambi\u00e9n autora del estudio, docente y vicedirectora del Departamento de Bioqu\u00edmica Cl\u00ednica de la Facultad de Farmacia y Bioqu\u00edmica.<\/p>\n\n\n\n<p>Y continu\u00f3: \u00abAdem\u00e1s en los primeros tres meses de la infecci\u00f3n vimos que los niveles de anticuerpos persist\u00edan elevados\u00bb.<\/p>\n\n\n\n<p><strong>Los anticuerpos<\/strong><\/p>\n\n\n\n<p>En relaci\u00f3n a los IgM, otra novedad que aport\u00f3 el estudio es que los niveles de estos anticuerpos en sangre pueden permanecer altos hasta m\u00e1s de dos meses.<\/p>\n\n\n\n<p>\u00abEsto quiere decir que la medici\u00f3n de este anticuerpo no necesariamente indica una infecci\u00f3n reciente\u00bb, afirm\u00f3 Mar\u00eda Mora Gonz\u00e1lez L\u00f3pez Ledesma, investigadora del Conicet en el laboratorio de Gamarnik.<\/p>\n\n\n\n<p>En el trabajo tambi\u00e9n se observ\u00f3 que \u00ablas respuestas de anticuerpos en los casos asintom\u00e1ticos en general fueron m\u00e1s bajas que las de los pacientes con s\u00edntomas\u00bb.<\/p>\n\n\n\n<p>Seg\u00fan informa la agencia CyTA-Leloir, el trabajo publicado tambi\u00e9n describe los protocolos desarrollados y estandarizados para la selecci\u00f3n de donantes y administraci\u00f3n de plasma de convalecientes; en efecto las y los investigadores de la FIL aportaron las herramientas para seleccionar donantes en hospitales de todo el pa\u00eds como terapia y para los ensayos cl\u00ednicos liderados por el Hospital Italiano y por la Fundaci\u00f3n INFANT sobre plasma de convalecientes.<\/p>\n\n\n\n<p>El an\u00e1lisis de m\u00e1s de 500 plasmas revel\u00f3 que el 72% tiene niveles de anticuerpos aptos para donaciones.<\/p>\n\n\n\n<p>Consultada sobre si se pudo determinar en forma absoluta qu\u00e9 cantidad de anticuerpos son necesarios para lograr un efecto protector frente al virus, Gamarnik explic\u00f3 que \u00ablos niveles de anticuerpos son muy variables en las distintas personas, es dif\u00edcil definir una cantidad m\u00ednima que sea protectora\u00bb.<\/p>\n\n\n\n<p><strong>Otros mecanismos de protecci\u00f3n<\/strong><\/p>\n\n\n\n<p>\u00abPero adem\u00e1s -continu\u00f3- los anticuerpos no son el \u00fanico modo de protegernos contra la infecci\u00f3n: existen otros mecanismos del sistema inmune que utiliza c\u00e9lulas (llamadas c\u00e9lulas T) que tambi\u00e9n cumplen un rol protectivo y se suma a la funci\u00f3n de los anticuerpos\u00bb.<\/p>\n\n\n\n<p>Gamarnik advirti\u00f3 que \u00abtodav\u00eda estamos aprendiendo sobre la respuesta inmune relacionada con manifestaciones graves, leves y asintom\u00e1ticas de Covid-19. \u00bfLa aparici\u00f3n temprana de anticuerpos se asocia con un mejor pron\u00f3stico? \u00bfPor cu\u00e1nto tiempo estamos protegidos despu\u00e9s de infectarnos y cu\u00e1nto tiempo dura la memoria inmunol\u00f3gica contra el coronavirus? Son interrogantes para resolver\u00bb.<\/p>\n\n\n\n<p>En la actualidad, el grupo de investigaci\u00f3n liderado por Gamarnik se encuentra estudiando los anticuerpos de pacientes que se infectaron hace m\u00e1s de seis meses.<\/p>\n\n\n\n<p><strong>Covidar<\/strong><\/p>\n\n\n\n<p>El proyecto COVIDAR se cre\u00f3 en el marco de la \u00abUnidad Covid-19\u00bb, impulsada por el Ministerio de Ciencia y el Conicet, y en diferentes etapas cont\u00f3 con el apoyo del Fondo para la Convergencia del Mercosur (Focem), la Fundaci\u00f3n Williams y la Asociaci\u00f3n Civil SAND.<\/p>\n\n\n\n<p>Adem\u00e1s de para realizar investigaciones, los test COVIDAR se est\u00e1n empleando con m\u00faltiples aplicaciones en todo el pa\u00eds: para evaluar la evoluci\u00f3n de la pandemia, el control de la transmisi\u00f3n en barrios, el cuidado del personal de la salud y la vigilancia en personal de geri\u00e1tricos y residencias.<\/p>\n\n\n\n<p>\u00abEl trabajo del grupo COVIDAR permiti\u00f3 establecer una forma de trabajo transversal, donde se tendi\u00f3 un puente entre investigadores de virolog\u00eda b\u00e1sica y cl\u00ednica, trabajadores de la salud, organizaciones sin fines de lucro y autoridades de salud. Esperamos que esta lecci\u00f3n transformadora ayude a pensar modelos para afrontar otras enfermedades infecciosas de impacto local\u00bb, concluy\u00f3 Gamarnik.<\/p>\n\n\n\n<p>En el estudio participaron, adem\u00e1s, los becarios Horacio Mart\u00edn Pallar\u00e9s, Guadalupe Costa Navarro y Lautaro S\u00e1nchez; y los investigadores Marcelo Yanovsky, Julio Caramelo, y Sergio Villordo, de la FIL y Conicet; Jorge Carradori, del Laboratorio Lemos; Diego \u00c1lvarez, de la UNSAM y del Conicet; Marcela Echavarria, del CEMIC y Conicet; y colaboradores de la Facultad Icahn de Medicina en Mount Sina\u00ed, Nueva York, Estados Unidos.<\/p>\n","protected":false},"excerpt":{"rendered":"<p>Seg\u00fan los ensayos realizados por investigadores del Instituto Leloir y el Conicet m\u00e1s del 90 por ciento de los pacientes los ten\u00edan tras la tercera semana desde la aparici\u00f3n de los s\u00edntomas. del Laboratorio de Virolog\u00eda Molecular de la FIL e investigadora superior del Conicet. Gamarnik describi\u00f3 que \u00abhay diferentes tipos de anticuerpos; una parte [&hellip;]<\/p>\n","protected":false},"author":4,"featured_media":86029,"comment_status":"open","ping_status":"closed","sticky":false,"template":"","format":"standard","meta":{"om_disable_all_campaigns":false,"_jetpack_memberships_contains_paid_content":false,"footnotes":""},"categories":[621],"tags":[],"class_list":["post-86028","post","type-post","status-publish","format-standard","has-post-thumbnail","hentry","category-regionales"],"aioseo_notices":[],"gutentor_comment":0,"jetpack_featured_media_url":"https:\/\/eldiariodesanpedro.com.ar\/sitio\/wp-content\/uploads\/2021\/01\/5f0da5e8366f4_1004x565_658x400.jpg","jetpack_shortlink":"https:\/\/wp.me\/p6RhLt-mny","jetpack_sharing_enabled":true,"_links":{"self":[{"href":"https:\/\/eldiariodesanpedro.com.ar\/sitio\/wp-json\/wp\/v2\/posts\/86028","targetHints":{"allow":["GET"]}}],"collection":[{"href":"https:\/\/eldiariodesanpedro.com.ar\/sitio\/wp-json\/wp\/v2\/posts"}],"about":[{"href":"https:\/\/eldiariodesanpedro.com.ar\/sitio\/wp-json\/wp\/v2\/types\/post"}],"author":[{"embeddable":true,"href":"https:\/\/eldiariodesanpedro.com.ar\/sitio\/wp-json\/wp\/v2\/users\/4"}],"replies":[{"embeddable":true,"href":"https:\/\/eldiariodesanpedro.com.ar\/sitio\/wp-json\/wp\/v2\/comments?post=86028"}],"version-history":[{"count":1,"href":"https:\/\/eldiariodesanpedro.com.ar\/sitio\/wp-json\/wp\/v2\/posts\/86028\/revisions"}],"predecessor-version":[{"id":86030,"href":"https:\/\/eldiariodesanpedro.com.ar\/sitio\/wp-json\/wp\/v2\/posts\/86028\/revisions\/86030"}],"wp:featuredmedia":[{"embeddable":true,"href":"https:\/\/eldiariodesanpedro.com.ar\/sitio\/wp-json\/wp\/v2\/media\/86029"}],"wp:attachment":[{"href":"https:\/\/eldiariodesanpedro.com.ar\/sitio\/wp-json\/wp\/v2\/media?parent=86028"}],"wp:term":[{"taxonomy":"category","embeddable":true,"href":"https:\/\/eldiariodesanpedro.com.ar\/sitio\/wp-json\/wp\/v2\/categories?post=86028"},{"taxonomy":"post_tag","embeddable":true,"href":"https:\/\/eldiariodesanpedro.com.ar\/sitio\/wp-json\/wp\/v2\/tags?post=86028"}],"curies":[{"name":"wp","href":"https:\/\/api.w.org\/{rel}","templated":true}]}}