{"id":86025,"date":"2021-01-15T10:31:46","date_gmt":"2021-01-15T13:31:46","guid":{"rendered":"https:\/\/eldiariodesanpedro.com.ar\/sitio\/?p=86025"},"modified":"2021-01-15T10:31:49","modified_gmt":"2021-01-15T13:31:49","slug":"la-provincia-declaro-al-2021-el-ano-de-la-salud-y-del-personal-sanitario","status":"publish","type":"post","link":"https:\/\/eldiariodesanpedro.com.ar\/sitio\/la-provincia-declaro-al-2021-el-ano-de-la-salud-y-del-personal-sanitario\/","title":{"rendered":"La Provincia declar\u00f3 al 2021 el \u00abA\u00f1o de la Salud y del Personal Sanitario\u201d"},"content":{"rendered":"<!-- VideographyWP Plugin Message: Automatic video embedding prevented by plugin options. -->\n\n<p>En l\u00ednea con lo dispuesto por la Organizaci\u00f3n Mundial de la Salud (OMS), la Provincia de Buenos Aires declar\u00f3 al 2021 como el \u00abA\u00f1o de la Salud y del Personal Sanitario\u201d, en reconocimiento y gratitud a los y las trabajadoras del \u00e1rea \u201cpor su conciencia, trabajo y compromiso en favor del bien com\u00fan\u201d.<\/p>\n\n\n\n<p>A trav\u00e9s del decreto N\u00b0 3\/2021 que firm\u00f3 el gobernador Axel Kicillof y que fue publicado hoy en el Bolet\u00edn Oficial, se destaca \u201cla calidad, el empe\u00f1o y la dedicaci\u00f3n mantenidos por los trabajadores y las trabajadoras de la salud\u201d para combatir a la pandemia del Covid-19 en todo el territorio nacional y en la Provincia en particular.<\/p>\n\n\n\n<p>Asimismo, se valora el riesgo que asume el personal de salud \u201cno solo para s\u00ed mismo sino tambi\u00e9n para los miembros de su familia, priorizando el inter\u00e9s del pr\u00f3jimo por sobre el suyo\u201d.<\/p>\n\n\n\n<p>Con esta resoluci\u00f3n, el Poder Ejecutivo Provincial instruye adem\u00e1s que toda la documentaci\u00f3n oficial utilizada en la administraci\u00f3n p\u00fablica, centralizada y descentralizada, as\u00ed como en los entes aut\u00e1rquicos, deber\u00e1 consignar la leyenda \u201cA\u00f1o de la Salud y del Personal Sanitario\u201d.<\/p>\n","protected":false},"excerpt":{"rendered":"<p>En l\u00ednea con lo dispuesto por la Organizaci\u00f3n Mundial de la Salud (OMS), la Provincia de Buenos Aires declar\u00f3 al 2021 como el \u00abA\u00f1o de la Salud y del Personal Sanitario\u201d, en reconocimiento y gratitud a los y las trabajadoras del \u00e1rea \u201cpor su conciencia, trabajo y compromiso en favor del bien com\u00fan\u201d. A trav\u00e9s [&hellip;]<\/p>\n","protected":false},"author":4,"featured_media":86026,"comment_status":"open","ping_status":"closed","sticky":false,"template":"","format":"standard","meta":{"om_disable_all_campaigns":false,"_jetpack_memberships_contains_paid_content":false,"footnotes":""},"categories":[621],"tags":[],"class_list":["post-86025","post","type-post","status-publish","format-standard","has-post-thumbnail","hentry","category-regionales"],"aioseo_notices":[],"gutentor_comment":0,"jetpack_featured_media_url":"https:\/\/eldiariodesanpedro.com.ar\/sitio\/wp-content\/uploads\/2021\/01\/coronavirus-los-numeros-la-nochebuena-y-navidad_658x400.jpg","jetpack_shortlink":"https:\/\/wp.me\/p6RhLt-mnv","jetpack_sharing_enabled":true,"_links":{"self":[{"href":"https:\/\/eldiariodesanpedro.com.ar\/sitio\/wp-json\/wp\/v2\/posts\/86025","targetHints":{"allow":["GET"]}}],"collection":[{"href":"https:\/\/eldiariodesanpedro.com.ar\/sitio\/wp-json\/wp\/v2\/posts"}],"about":[{"href":"https:\/\/eldiariodesanpedro.com.ar\/sitio\/wp-json\/wp\/v2\/types\/post"}],"author":[{"embeddable":true,"href":"https:\/\/eldiariodesanpedro.com.ar\/sitio\/wp-json\/wp\/v2\/users\/4"}],"replies":[{"embeddable":true,"href":"https:\/\/eldiariodesanpedro.com.ar\/sitio\/wp-json\/wp\/v2\/comments?post=86025"}],"version-history":[{"count":1,"href":"https:\/\/eldiariodesanpedro.com.ar\/sitio\/wp-json\/wp\/v2\/posts\/86025\/revisions"}],"predecessor-version":[{"id":86027,"href":"https:\/\/eldiariodesanpedro.com.ar\/sitio\/wp-json\/wp\/v2\/posts\/86025\/revisions\/86027"}],"wp:featuredmedia":[{"embeddable":true,"href":"https:\/\/eldiariodesanpedro.com.ar\/sitio\/wp-json\/wp\/v2\/media\/86026"}],"wp:attachment":[{"href":"https:\/\/eldiariodesanpedro.com.ar\/sitio\/wp-json\/wp\/v2\/media?parent=86025"}],"wp:term":[{"taxonomy":"category","embeddable":true,"href":"https:\/\/eldiariodesanpedro.com.ar\/sitio\/wp-json\/wp\/v2\/categories?post=86025"},{"taxonomy":"post_tag","embeddable":true,"href":"https:\/\/eldiariodesanpedro.com.ar\/sitio\/wp-json\/wp\/v2\/tags?post=86025"}],"curies":[{"name":"wp","href":"https:\/\/api.w.org\/{rel}","templated":true}]}}