{"id":86022,"date":"2021-01-15T10:30:28","date_gmt":"2021-01-15T13:30:28","guid":{"rendered":"https:\/\/eldiariodesanpedro.com.ar\/sitio\/?p=86022"},"modified":"2021-01-15T10:30:32","modified_gmt":"2021-01-15T13:30:32","slug":"la-nafta-volveria-a-aumentar-este-sabado-alrededor-de-un-2","status":"publish","type":"post","link":"https:\/\/eldiariodesanpedro.com.ar\/sitio\/la-nafta-volveria-a-aumentar-este-sabado-alrededor-de-un-2\/","title":{"rendered":"La nafta volver\u00eda a aumentar este s\u00e1bado alrededor de un 2%"},"content":{"rendered":"<!-- VideographyWP Plugin Message: Automatic video embedding prevented by plugin options. -->\n\n<p>Si las refinadoras trasladan al surtidos la actualizaci\u00f3n por los impuestos a los combustibles, la nafta tendr\u00eda una suba entorno al 2%.<\/p>\n\n\n\n<p>A poco m\u00e1s de una semana de que las estaciones de servicio implementaran una suba cercana al 3 por ciento, los combustibles volver\u00edan a aumentar este fin de semana.<\/p>\n\n\n\n<p>El incremento del 7,7% del impuesto establecido por el Gobierno a partir de cambios en los combustibles l\u00edquidos (ICL) y el di\u00f3xido de carbono (IDC) comenzar\u00e1 a regir este viernes y seg\u00fan inform\u00f3 Nicol\u00e1s Gandini, por C5N, ese aumento ser\u00eda trasladado al valor de la nafta y el gasoil.<\/p>\n\n\n\n<p>As\u00ed, de no mediar ning\u00fan decreto que posponga la actualizaci\u00f3n impositiva, se aplicar\u00e1 el impacto del alza del tributo en los surtidores, lo que har\u00eda aumentar el precio de las naftas entre un 2% y un 3%.<\/p>\n\n\n\n<p>Desde el 16 de diciembre pasado, \u00faltima suba de precios en combustibles por estos factores, la cotizaci\u00f3n del d\u00f3lar mayorista aument\u00f3 de $82,64 a $84,81, y el valor del barril de crudo pas\u00f3 de US$51,08 a US$60.<\/p>\n\n\n\n<p>La semana pasada, Shell, Axion e YPF remarcaron todos sus precios un 2,9 por ciento, pero para compensar el aumento de hasta el 96% que el Gobierno autoriz\u00f3 para el biod\u00edsel, base con el que se elabora de la nafta, por lo tanto, encareci\u00f3 los costos de la producci\u00f3n de combustibles.<\/p>\n","protected":false},"excerpt":{"rendered":"<p>Si las refinadoras trasladan al surtidos la actualizaci\u00f3n por los impuestos a los combustibles, la nafta tendr\u00eda una suba entorno al 2%. A poco m\u00e1s de una semana de que las estaciones de servicio implementaran una suba cercana al 3 por ciento, los combustibles volver\u00edan a aumentar este fin de semana. El incremento del 7,7% [&hellip;]<\/p>\n","protected":false},"author":4,"featured_media":86023,"comment_status":"open","ping_status":"closed","sticky":false,"template":"","format":"standard","meta":{"om_disable_all_campaigns":false,"_jetpack_memberships_contains_paid_content":false,"footnotes":""},"categories":[101,2],"tags":[],"class_list":["post-86022","post","type-post","status-publish","format-standard","has-post-thumbnail","hentry","category-interes-general-locales","category-locales"],"aioseo_notices":[],"gutentor_comment":0,"jetpack_featured_media_url":"https:\/\/eldiariodesanpedro.com.ar\/sitio\/wp-content\/uploads\/2021\/01\/20190108101032_658x400.jpg","jetpack_shortlink":"https:\/\/wp.me\/p6RhLt-mns","jetpack_sharing_enabled":true,"_links":{"self":[{"href":"https:\/\/eldiariodesanpedro.com.ar\/sitio\/wp-json\/wp\/v2\/posts\/86022","targetHints":{"allow":["GET"]}}],"collection":[{"href":"https:\/\/eldiariodesanpedro.com.ar\/sitio\/wp-json\/wp\/v2\/posts"}],"about":[{"href":"https:\/\/eldiariodesanpedro.com.ar\/sitio\/wp-json\/wp\/v2\/types\/post"}],"author":[{"embeddable":true,"href":"https:\/\/eldiariodesanpedro.com.ar\/sitio\/wp-json\/wp\/v2\/users\/4"}],"replies":[{"embeddable":true,"href":"https:\/\/eldiariodesanpedro.com.ar\/sitio\/wp-json\/wp\/v2\/comments?post=86022"}],"version-history":[{"count":1,"href":"https:\/\/eldiariodesanpedro.com.ar\/sitio\/wp-json\/wp\/v2\/posts\/86022\/revisions"}],"predecessor-version":[{"id":86024,"href":"https:\/\/eldiariodesanpedro.com.ar\/sitio\/wp-json\/wp\/v2\/posts\/86022\/revisions\/86024"}],"wp:featuredmedia":[{"embeddable":true,"href":"https:\/\/eldiariodesanpedro.com.ar\/sitio\/wp-json\/wp\/v2\/media\/86023"}],"wp:attachment":[{"href":"https:\/\/eldiariodesanpedro.com.ar\/sitio\/wp-json\/wp\/v2\/media?parent=86022"}],"wp:term":[{"taxonomy":"category","embeddable":true,"href":"https:\/\/eldiariodesanpedro.com.ar\/sitio\/wp-json\/wp\/v2\/categories?post=86022"},{"taxonomy":"post_tag","embeddable":true,"href":"https:\/\/eldiariodesanpedro.com.ar\/sitio\/wp-json\/wp\/v2\/tags?post=86022"}],"curies":[{"name":"wp","href":"https:\/\/api.w.org\/{rel}","templated":true}]}}