{"id":86013,"date":"2021-01-15T10:04:59","date_gmt":"2021-01-15T13:04:59","guid":{"rendered":"https:\/\/eldiariodesanpedro.com.ar\/sitio\/?p=86013"},"modified":"2021-01-15T10:05:04","modified_gmt":"2021-01-15T13:05:04","slug":"la-policia-vial-de-san-pedro-participo-en-un-allanamiento-tras-el-secuestro-de-27-kilos-de-marihuana-sobre-la-ruta-9","status":"publish","type":"post","link":"https:\/\/eldiariodesanpedro.com.ar\/sitio\/la-policia-vial-de-san-pedro-participo-en-un-allanamiento-tras-el-secuestro-de-27-kilos-de-marihuana-sobre-la-ruta-9\/","title":{"rendered":"La polic\u00eda vial de San Pedro participo en un allanamiento tras el secuestro de 27 kilos de marihuana sobre la ruta 9"},"content":{"rendered":"<!-- VideographyWP Plugin Message: Automatic video embedding prevented by plugin options. -->\n\n<p>Este jueves el personal de polic\u00eda vial de San Pedro a cargo del Comisario Diego Guzm\u00e1n trabaj\u00f3 junto a otros destacamentos realizando tres allanamientos en zonas del conurbano bonaerense.<\/p>\n\n\n\n<p>Las diligencias de allanamientos ordenadas por el&nbsp; Dr. Carlso Villafuerte Ruzo , Juez Federal 2 de San Nicol\u00e1s, llevadas a cabo por personal del destacamento Vial de&nbsp; San Pedro en conjunto a los Destacamentos de Viales de Z\u00e1rate, Pavon y Alsina&nbsp; obteni\u00e9ndose los siguientes resultados:&nbsp;<\/p>\n\n\n\n<p>Objetivo 1 ubicado en&nbsp; Mascardi de la localidad de Grand Bourg con resultado negativo, objetivo 2 ubicado en calle Mascardi de la localidad de Grand Bourg tambi\u00e9n con resultado negativos, objetivo 3 ubicado en calle Mu\u00f1oz&nbsp; dpto. 2 de San Miguel, tambi\u00e9n negativo y objetivo 4 con ubicaci\u00f3n en calle Mu\u00f1oz dpto 3 de San Miguel, donde se identific\u00f3 a la menor de 16 a\u00f1os,&nbsp; quien resulta ser hija del Detenido a quien se le incautaci\u00f3n 506 gramos de picadura de marihuana (trozo compacto), una balanza de precisi\u00f3n color plateada,&nbsp; la suma de 40.000 pesos en efectivo, un rifle aire comprimido calibre 5\/5, 3 tel\u00e9fonos celulares.&nbsp;<\/p>\n\n\n\n<p>Efectuada consulta al Dr. Carlos Villafuerte Ruzo aval\u00f3 lo actuado e imparti\u00f3 directivas de rigor no disponiendo medida procesal alguna para con dicha menor.<\/p>\n\n\n\n<p>Estos allanamientos se desprenden de una incautaci\u00f3n realizada el d\u00eda de ayer a las 09.30 hs en la Ruta 9 Km. 231,200 (ascendente) acceso a la localidad de San Nicol\u00e1s&nbsp; donde el&nbsp; personal de vialidad procede a interceptar autom\u00f3vil marca Fiat Uno de color gris quien al notar la presencia de los uniformados realiza maniobras evasivas con el fin de evadir el control por lo que tras de un r\u00e1pido y eficaz accionar policial se logra su detenci\u00f3n identificando a su conductor en un ciudadano de 51 a\u00f1os, oriundo de Grand Bourg Partido de Malvinas Argentinas, que en presencia de dos testigos h\u00e1biles se requisa de urgencia el rodado de menci\u00f3n procediendo a incautar en su ba\u00fal una bolsa de nylon de color negro y una caja de cart\u00f3n conteniendo en&nbsp; interior de ambos la cantidad de 33 trozos de sustancia vegetal en forma compacta envueltos en cinta de embalar color marr\u00f3n (panes y\/o ladrillos)&nbsp; de Marihuana arrojando un peso total de 27,160 Kilogramos, dos tel\u00e9fonos celulares marca marca Samsung y&nbsp; la suma de $ 5.500 en efectivo.&nbsp;<\/p>\n\n\n\n<p>Intervenci\u00f3n del Juzgado Federal Nro. 02 a cargo del Dr. Carlos Villafuerte Russo\u00a0 Del Departamento Judicial San Nicol\u00e1s, quien interiorizado aval\u00f3 lo actuado disponiendo la detenci\u00f3n del encartado.\u00a0<\/p>\n\n\n\n<figure class=\"wp-block-image size-large\"><img decoding=\"async\" width=\"768\" height=\"1024\" data-attachment-id=\"86015\" data-permalink=\"https:\/\/eldiariodesanpedro.com.ar\/sitio\/la-policia-vial-de-san-pedro-participo-en-un-allanamiento-tras-el-secuestro-de-27-kilos-de-marihuana-sobre-la-ruta-9\/whatsapp-image-2021-01-14-at-21-50-14-1\/\" data-orig-file=\"https:\/\/eldiariodesanpedro.com.ar\/sitio\/wp-content\/uploads\/2021\/01\/WhatsApp-Image-2021-01-14-at-21.50.14-1.jpeg\" data-orig-size=\"768,1024\" data-comments-opened=\"1\" data-image-meta=\"{&quot;aperture&quot;:&quot;0&quot;,&quot;credit&quot;:&quot;&quot;,&quot;camera&quot;:&quot;&quot;,&quot;caption&quot;:&quot;&quot;,&quot;created_timestamp&quot;:&quot;0&quot;,&quot;copyright&quot;:&quot;&quot;,&quot;focal_length&quot;:&quot;0&quot;,&quot;iso&quot;:&quot;0&quot;,&quot;shutter_speed&quot;:&quot;0&quot;,&quot;title&quot;:&quot;&quot;,&quot;orientation&quot;:&quot;0&quot;}\" data-image-title=\"WhatsApp Image 2021-01-14 at 21.50.14 (1)\" data-image-description=\"\" data-image-caption=\"\" data-large-file=\"https:\/\/eldiariodesanpedro.com.ar\/sitio\/wp-content\/uploads\/2021\/01\/WhatsApp-Image-2021-01-14-at-21.50.14-1.jpeg\" data-src=\"https:\/\/eldiariodesanpedro.com.ar\/sitio\/wp-content\/uploads\/2021\/01\/WhatsApp-Image-2021-01-14-at-21.50.14-1.jpeg\" alt=\"\" class=\"wp-image-86015 lazyload\" data-srcset=\"https:\/\/eldiariodesanpedro.com.ar\/sitio\/wp-content\/uploads\/2021\/01\/WhatsApp-Image-2021-01-14-at-21.50.14-1.jpeg 768w, https:\/\/eldiariodesanpedro.com.ar\/sitio\/wp-content\/uploads\/2021\/01\/WhatsApp-Image-2021-01-14-at-21.50.14-1-225x300.jpeg 225w\" data-sizes=\"(max-width: 768px) 100vw, 768px\" src=\"data:image\/svg+xml;base64,PHN2ZyB3aWR0aD0iMSIgaGVpZ2h0PSIxIiB4bWxucz0iaHR0cDovL3d3dy53My5vcmcvMjAwMC9zdmciPjwvc3ZnPg==\" style=\"--smush-placeholder-width: 768px; --smush-placeholder-aspect-ratio: 768\/1024;\" \/><\/figure>\n\n\n\n<figure class=\"wp-block-image size-large\"><img decoding=\"async\" width=\"1024\" height=\"768\" data-attachment-id=\"86016\" data-permalink=\"https:\/\/eldiariodesanpedro.com.ar\/sitio\/la-policia-vial-de-san-pedro-participo-en-un-allanamiento-tras-el-secuestro-de-27-kilos-de-marihuana-sobre-la-ruta-9\/whatsapp-image-2021-01-14-at-21-50-14\/\" data-orig-file=\"https:\/\/eldiariodesanpedro.com.ar\/sitio\/wp-content\/uploads\/2021\/01\/WhatsApp-Image-2021-01-14-at-21.50.14.jpeg\" data-orig-size=\"1280,960\" data-comments-opened=\"1\" data-image-meta=\"{&quot;aperture&quot;:&quot;0&quot;,&quot;credit&quot;:&quot;&quot;,&quot;camera&quot;:&quot;&quot;,&quot;caption&quot;:&quot;&quot;,&quot;created_timestamp&quot;:&quot;0&quot;,&quot;copyright&quot;:&quot;&quot;,&quot;focal_length&quot;:&quot;0&quot;,&quot;iso&quot;:&quot;0&quot;,&quot;shutter_speed&quot;:&quot;0&quot;,&quot;title&quot;:&quot;&quot;,&quot;orientation&quot;:&quot;0&quot;}\" data-image-title=\"WhatsApp Image 2021-01-14 at 21.50.14\" data-image-description=\"\" data-image-caption=\"\" data-large-file=\"https:\/\/eldiariodesanpedro.com.ar\/sitio\/wp-content\/uploads\/2021\/01\/WhatsApp-Image-2021-01-14-at-21.50.14-1024x768.jpeg\" data-src=\"https:\/\/eldiariodesanpedro.com.ar\/sitio\/wp-content\/uploads\/2021\/01\/WhatsApp-Image-2021-01-14-at-21.50.14-1024x768.jpeg\" alt=\"\" class=\"wp-image-86016 lazyload\" data-srcset=\"https:\/\/eldiariodesanpedro.com.ar\/sitio\/wp-content\/uploads\/2021\/01\/WhatsApp-Image-2021-01-14-at-21.50.14-1024x768.jpeg 1024w, https:\/\/eldiariodesanpedro.com.ar\/sitio\/wp-content\/uploads\/2021\/01\/WhatsApp-Image-2021-01-14-at-21.50.14-300x225.jpeg 300w, https:\/\/eldiariodesanpedro.com.ar\/sitio\/wp-content\/uploads\/2021\/01\/WhatsApp-Image-2021-01-14-at-21.50.14-768x576.jpeg 768w, https:\/\/eldiariodesanpedro.com.ar\/sitio\/wp-content\/uploads\/2021\/01\/WhatsApp-Image-2021-01-14-at-21.50.14-500x375.jpeg 500w, https:\/\/eldiariodesanpedro.com.ar\/sitio\/wp-content\/uploads\/2021\/01\/WhatsApp-Image-2021-01-14-at-21.50.14.jpeg 1280w\" data-sizes=\"(max-width: 1024px) 100vw, 1024px\" src=\"data:image\/svg+xml;base64,PHN2ZyB3aWR0aD0iMSIgaGVpZ2h0PSIxIiB4bWxucz0iaHR0cDovL3d3dy53My5vcmcvMjAwMC9zdmciPjwvc3ZnPg==\" style=\"--smush-placeholder-width: 1024px; --smush-placeholder-aspect-ratio: 1024\/768;\" \/><\/figure>\n\n\n\n<figure class=\"wp-block-image size-large\"><img decoding=\"async\" width=\"768\" height=\"1024\" data-attachment-id=\"86017\" data-permalink=\"https:\/\/eldiariodesanpedro.com.ar\/sitio\/la-policia-vial-de-san-pedro-participo-en-un-allanamiento-tras-el-secuestro-de-27-kilos-de-marihuana-sobre-la-ruta-9\/whatsapp-image-2021-01-14-at-21-50-15\/\" data-orig-file=\"https:\/\/eldiariodesanpedro.com.ar\/sitio\/wp-content\/uploads\/2021\/01\/WhatsApp-Image-2021-01-14-at-21.50.15.jpeg\" data-orig-size=\"768,1024\" data-comments-opened=\"1\" data-image-meta=\"{&quot;aperture&quot;:&quot;0&quot;,&quot;credit&quot;:&quot;&quot;,&quot;camera&quot;:&quot;&quot;,&quot;caption&quot;:&quot;&quot;,&quot;created_timestamp&quot;:&quot;0&quot;,&quot;copyright&quot;:&quot;&quot;,&quot;focal_length&quot;:&quot;0&quot;,&quot;iso&quot;:&quot;0&quot;,&quot;shutter_speed&quot;:&quot;0&quot;,&quot;title&quot;:&quot;&quot;,&quot;orientation&quot;:&quot;0&quot;}\" data-image-title=\"WhatsApp Image 2021-01-14 at 21.50.15\" data-image-description=\"\" data-image-caption=\"\" data-large-file=\"https:\/\/eldiariodesanpedro.com.ar\/sitio\/wp-content\/uploads\/2021\/01\/WhatsApp-Image-2021-01-14-at-21.50.15.jpeg\" data-src=\"https:\/\/eldiariodesanpedro.com.ar\/sitio\/wp-content\/uploads\/2021\/01\/WhatsApp-Image-2021-01-14-at-21.50.15.jpeg\" alt=\"\" class=\"wp-image-86017 lazyload\" data-srcset=\"https:\/\/eldiariodesanpedro.com.ar\/sitio\/wp-content\/uploads\/2021\/01\/WhatsApp-Image-2021-01-14-at-21.50.15.jpeg 768w, https:\/\/eldiariodesanpedro.com.ar\/sitio\/wp-content\/uploads\/2021\/01\/WhatsApp-Image-2021-01-14-at-21.50.15-225x300.jpeg 225w\" data-sizes=\"(max-width: 768px) 100vw, 768px\" src=\"data:image\/svg+xml;base64,PHN2ZyB3aWR0aD0iMSIgaGVpZ2h0PSIxIiB4bWxucz0iaHR0cDovL3d3dy53My5vcmcvMjAwMC9zdmciPjwvc3ZnPg==\" style=\"--smush-placeholder-width: 768px; --smush-placeholder-aspect-ratio: 768\/1024;\" \/><\/figure>\n","protected":false},"excerpt":{"rendered":"<p>Este jueves el personal de polic\u00eda vial de San Pedro a cargo del Comisario Diego Guzm\u00e1n trabaj\u00f3 junto a otros destacamentos realizando tres allanamientos en zonas del conurbano bonaerense. Las diligencias de allanamientos ordenadas por el&nbsp; Dr. Carlso Villafuerte Ruzo , Juez Federal 2 de San Nicol\u00e1s, llevadas a cabo por personal del destacamento Vial [&hellip;]<\/p>\n","protected":false},"author":4,"featured_media":86014,"comment_status":"open","ping_status":"closed","sticky":false,"template":"","format":"standard","meta":{"om_disable_all_campaigns":false,"_jetpack_memberships_contains_paid_content":false,"footnotes":""},"categories":[50,2,103],"tags":[],"class_list":["post-86013","post","type-post","status-publish","format-standard","has-post-thumbnail","hentry","category-destacadas","category-locales","category-policiales-locales"],"aioseo_notices":[],"gutentor_comment":0,"jetpack_featured_media_url":"https:\/\/eldiariodesanpedro.com.ar\/sitio\/wp-content\/uploads\/2021\/01\/WhatsApp-Image-2021-01-14-at-21.50.15-1.jpeg","jetpack_shortlink":"https:\/\/wp.me\/p6RhLt-mnj","jetpack_sharing_enabled":true,"_links":{"self":[{"href":"https:\/\/eldiariodesanpedro.com.ar\/sitio\/wp-json\/wp\/v2\/posts\/86013","targetHints":{"allow":["GET"]}}],"collection":[{"href":"https:\/\/eldiariodesanpedro.com.ar\/sitio\/wp-json\/wp\/v2\/posts"}],"about":[{"href":"https:\/\/eldiariodesanpedro.com.ar\/sitio\/wp-json\/wp\/v2\/types\/post"}],"author":[{"embeddable":true,"href":"https:\/\/eldiariodesanpedro.com.ar\/sitio\/wp-json\/wp\/v2\/users\/4"}],"replies":[{"embeddable":true,"href":"https:\/\/eldiariodesanpedro.com.ar\/sitio\/wp-json\/wp\/v2\/comments?post=86013"}],"version-history":[{"count":1,"href":"https:\/\/eldiariodesanpedro.com.ar\/sitio\/wp-json\/wp\/v2\/posts\/86013\/revisions"}],"predecessor-version":[{"id":86018,"href":"https:\/\/eldiariodesanpedro.com.ar\/sitio\/wp-json\/wp\/v2\/posts\/86013\/revisions\/86018"}],"wp:featuredmedia":[{"embeddable":true,"href":"https:\/\/eldiariodesanpedro.com.ar\/sitio\/wp-json\/wp\/v2\/media\/86014"}],"wp:attachment":[{"href":"https:\/\/eldiariodesanpedro.com.ar\/sitio\/wp-json\/wp\/v2\/media?parent=86013"}],"wp:term":[{"taxonomy":"category","embeddable":true,"href":"https:\/\/eldiariodesanpedro.com.ar\/sitio\/wp-json\/wp\/v2\/categories?post=86013"},{"taxonomy":"post_tag","embeddable":true,"href":"https:\/\/eldiariodesanpedro.com.ar\/sitio\/wp-json\/wp\/v2\/tags?post=86013"}],"curies":[{"name":"wp","href":"https:\/\/api.w.org\/{rel}","templated":true}]}}