{"id":86011,"date":"2021-01-15T09:46:07","date_gmt":"2021-01-15T12:46:07","guid":{"rendered":"https:\/\/eldiariodesanpedro.com.ar\/sitio\/?p=86011"},"modified":"2021-01-15T09:46:11","modified_gmt":"2021-01-15T12:46:11","slug":"cronograma-para-hoy-de-anses","status":"publish","type":"post","link":"https:\/\/eldiariodesanpedro.com.ar\/sitio\/cronograma-para-hoy-de-anses\/","title":{"rendered":"Cronograma para hoy de Anses"},"content":{"rendered":"<!-- VideographyWP Plugin Message: Automatic video embedding prevented by plugin options. -->\n\n<p><strong>La ANSES, organismo a cargo de Fernanda Raverta, informa que hoy se abonan jubilaciones, pensiones, Asignaci\u00f3n Universal por Hijo, por Embarazo, Asignaciones Familiares y Becas Progresar.<\/strong><\/p>\n\n\n\n<p><strong>Jubilaciones&nbsp;y&nbsp;pensiones&nbsp;del Sistema Integrado Previsional Argentino (SIPA)<\/strong><strong><\/strong><\/p>\n\n\n\n<p>Las sucursales bancarias habilitadas atender\u00e1n por ventanilla solo a los&nbsp;jubilados&nbsp;y pensionados con documentos terminados en&nbsp;<strong>4&nbsp;<\/strong>cuyos<strong>&nbsp;haberes NO SUPEREN la suma de $21.393<\/strong>.<\/p>\n\n\n\n<p>En este sentido, si bien estas personas no tienen que solicitar turno previo para cobrar el beneficio,&nbsp;deben acercarse a la sucursal bancaria \u00fanicamente en la fecha asignada. Cabe recordar que los haberes permanecer\u00e1n depositados en sus cuentas.<\/p>\n\n\n\n<p><strong>Asignaci\u00f3n Universal por Hijo (AUH) y Asignaci\u00f3n Familiar por Hijo<\/strong><\/p>\n\n\n\n<p>Con la utilizaci\u00f3n de la tarjeta de d\u00e9bito, hoy perciben la Asignaci\u00f3n Universal por Hijo y la Asignaci\u00f3n Familiar por Hijo los titulares con documentos concluidos en&nbsp;<strong>3<\/strong>.<\/p>\n\n\n\n<p><strong>Asignaci\u00f3n Universal por Embarazo (AUE)<\/strong><\/p>\n\n\n\n<p>Con la utilizaci\u00f3n de la tarjeta de d\u00e9bito, hoy perciben la Asignaci\u00f3n Universal por Embarazo las titulares con documentos concluidos en&nbsp;<strong>4<\/strong>.<\/p>\n\n\n\n<p><strong>Asignaciones por&nbsp;Prenatal&nbsp;y por Maternidad<\/strong><\/p>\n\n\n\n<p>Las titulares de la Asignaci\u00f3n por&nbsp;Prenatal&nbsp;y Asignaci\u00f3n por Maternidad con documentos terminados en&nbsp;<strong>4&nbsp;<\/strong>y<strong>&nbsp;5<\/strong>&nbsp;cobran hoy su prestaci\u00f3n.<\/p>\n\n\n\n<p><strong>Becas Progresar<\/strong><\/p>\n\n\n\n<p>La ANSES junto con el Ministerio de Educaci\u00f3n garantizan el derecho de terminar sus estudios a los j\u00f3venes argentinos mediante las Becas Progresar. Hoy cobran los titulares con documentos finalizados en&nbsp;<strong>8&nbsp;<\/strong>y&nbsp;<strong>9<\/strong>.<\/p>\n","protected":false},"excerpt":{"rendered":"<p>La ANSES, organismo a cargo de Fernanda Raverta, informa que hoy se abonan jubilaciones, pensiones, Asignaci\u00f3n Universal por Hijo, por Embarazo, Asignaciones Familiares y Becas Progresar. Jubilaciones&nbsp;y&nbsp;pensiones&nbsp;del Sistema Integrado Previsional Argentino (SIPA) Las sucursales bancarias habilitadas atender\u00e1n por ventanilla solo a los&nbsp;jubilados&nbsp;y pensionados con documentos terminados en&nbsp;4&nbsp;cuyos&nbsp;haberes NO SUPEREN la suma de $21.393. En este [&hellip;]<\/p>\n","protected":false},"author":4,"featured_media":79416,"comment_status":"open","ping_status":"closed","sticky":false,"template":"","format":"standard","meta":{"om_disable_all_campaigns":false,"_jetpack_memberships_contains_paid_content":false,"footnotes":""},"categories":[101,2],"tags":[],"class_list":["post-86011","post","type-post","status-publish","format-standard","has-post-thumbnail","hentry","category-interes-general-locales","category-locales"],"aioseo_notices":[],"gutentor_comment":0,"jetpack_featured_media_url":"https:\/\/eldiariodesanpedro.com.ar\/sitio\/wp-content\/uploads\/2020\/08\/3060604-e1597404396101.jpg","jetpack_shortlink":"https:\/\/wp.me\/p6RhLt-mnh","jetpack_sharing_enabled":true,"_links":{"self":[{"href":"https:\/\/eldiariodesanpedro.com.ar\/sitio\/wp-json\/wp\/v2\/posts\/86011","targetHints":{"allow":["GET"]}}],"collection":[{"href":"https:\/\/eldiariodesanpedro.com.ar\/sitio\/wp-json\/wp\/v2\/posts"}],"about":[{"href":"https:\/\/eldiariodesanpedro.com.ar\/sitio\/wp-json\/wp\/v2\/types\/post"}],"author":[{"embeddable":true,"href":"https:\/\/eldiariodesanpedro.com.ar\/sitio\/wp-json\/wp\/v2\/users\/4"}],"replies":[{"embeddable":true,"href":"https:\/\/eldiariodesanpedro.com.ar\/sitio\/wp-json\/wp\/v2\/comments?post=86011"}],"version-history":[{"count":1,"href":"https:\/\/eldiariodesanpedro.com.ar\/sitio\/wp-json\/wp\/v2\/posts\/86011\/revisions"}],"predecessor-version":[{"id":86012,"href":"https:\/\/eldiariodesanpedro.com.ar\/sitio\/wp-json\/wp\/v2\/posts\/86011\/revisions\/86012"}],"wp:featuredmedia":[{"embeddable":true,"href":"https:\/\/eldiariodesanpedro.com.ar\/sitio\/wp-json\/wp\/v2\/media\/79416"}],"wp:attachment":[{"href":"https:\/\/eldiariodesanpedro.com.ar\/sitio\/wp-json\/wp\/v2\/media?parent=86011"}],"wp:term":[{"taxonomy":"category","embeddable":true,"href":"https:\/\/eldiariodesanpedro.com.ar\/sitio\/wp-json\/wp\/v2\/categories?post=86011"},{"taxonomy":"post_tag","embeddable":true,"href":"https:\/\/eldiariodesanpedro.com.ar\/sitio\/wp-json\/wp\/v2\/tags?post=86011"}],"curies":[{"name":"wp","href":"https:\/\/api.w.org\/{rel}","templated":true}]}}