{"id":85855,"date":"2021-01-12T17:46:56","date_gmt":"2021-01-12T20:46:56","guid":{"rendered":"https:\/\/eldiariodesanpedro.com.ar\/sitio\/?p=85855"},"modified":"2021-01-12T17:47:37","modified_gmt":"2021-01-12T20:47:37","slug":"reunion-con-clubes-y-pedido-de-mayor-cumplimiento-de-las-medidas-preventivas","status":"publish","type":"post","link":"https:\/\/eldiariodesanpedro.com.ar\/sitio\/reunion-con-clubes-y-pedido-de-mayor-cumplimiento-de-las-medidas-preventivas\/","title":{"rendered":"Reuni\u00f3n con clubes y pedido de mayor cumplimiento de las medidas preventivas"},"content":{"rendered":"<!-- VideographyWP Plugin Message: Automatic video embedding prevented by plugin options. -->\n\n<p>El Intendente Interino Ram\u00f3n Salazar y el Sec. de Coordinaci\u00f3n Hern\u00e1n Contreras concretaron esta tarde una reuni\u00f3n convocada desde el gobierno local para solicitar a los clubes que reciben la mayor cantidad de socios durante la temporada, un refuerzo en el control de las medidas de prevenci\u00f3n de Covid-19.<\/p>\n\n\n\n<p>Ignacio Alcorta por Paran\u00e1 F.C., Horacio Leiva por Pescadores, Mauricio Barros por Mitre y Marcos Arana por N\u00e1utico concurrieron a este encuentro y expusieron la situaci\u00f3n de cada instituci\u00f3n, ante la actual contingencia.<\/p>\n\n\n\n<p>As\u00ed como en la v\u00eda p\u00fablica, tambi\u00e9n en el interior de las instituciones se observan una actitud menos comprometida con el uso correcto del barbijo como medida principal ante la Pandemia y menos respeto al distanciamiento.<\/p>\n\n\n\n<p>Con una ratificaci\u00f3n de las medidas tomadas a nivel nacional y provincial comunicadas por el gobernador en un encuentro virtual organizado esta ma\u00f1ana del que tambi\u00e9n participaron las autoridades locales, el pedido a los clubes fue reforzar la comunicaci\u00f3n con sus socios y el control interno, para que se respeten las acciones preventivas.<\/p>\n\n\n\n<p>La apertura autorizada en noviembre permiti\u00f3 plantear una temporada con otra perspectiva ante la incertidumbre que cubri\u00f3 buena parte del 2020, no obstante desde el gobierno local se remarc\u00f3 que el crecimiento de casos puede obligar a un retroceso que no ser\u00eda beneficioso ni para los clubes ni para sus propios socios.<\/p>\n\n\n\n<figure class=\"wp-block-image size-large\"><img decoding=\"async\" width=\"1024\" height=\"768\" data-attachment-id=\"85858\" data-permalink=\"https:\/\/eldiariodesanpedro.com.ar\/sitio\/reunion-con-clubes-y-pedido-de-mayor-cumplimiento-de-las-medidas-preventivas\/whatsapp-image-2021-01-12-at-16-29-39-1\/\" data-orig-file=\"https:\/\/eldiariodesanpedro.com.ar\/sitio\/wp-content\/uploads\/2021\/01\/WhatsApp-Image-2021-01-12-at-16.29.39-1.jpeg\" data-orig-size=\"1280,960\" data-comments-opened=\"1\" data-image-meta=\"{&quot;aperture&quot;:&quot;0&quot;,&quot;credit&quot;:&quot;&quot;,&quot;camera&quot;:&quot;&quot;,&quot;caption&quot;:&quot;&quot;,&quot;created_timestamp&quot;:&quot;0&quot;,&quot;copyright&quot;:&quot;&quot;,&quot;focal_length&quot;:&quot;0&quot;,&quot;iso&quot;:&quot;0&quot;,&quot;shutter_speed&quot;:&quot;0&quot;,&quot;title&quot;:&quot;&quot;,&quot;orientation&quot;:&quot;0&quot;}\" data-image-title=\"WhatsApp Image 2021-01-12 at 16.29.39 (1)\" data-image-description=\"\" data-image-caption=\"\" data-large-file=\"https:\/\/eldiariodesanpedro.com.ar\/sitio\/wp-content\/uploads\/2021\/01\/WhatsApp-Image-2021-01-12-at-16.29.39-1-1024x768.jpeg\" data-src=\"https:\/\/eldiariodesanpedro.com.ar\/sitio\/wp-content\/uploads\/2021\/01\/WhatsApp-Image-2021-01-12-at-16.29.39-1-1024x768.jpeg\" alt=\"\" class=\"wp-image-85858 lazyload\" data-srcset=\"https:\/\/eldiariodesanpedro.com.ar\/sitio\/wp-content\/uploads\/2021\/01\/WhatsApp-Image-2021-01-12-at-16.29.39-1-1024x768.jpeg 1024w, https:\/\/eldiariodesanpedro.com.ar\/sitio\/wp-content\/uploads\/2021\/01\/WhatsApp-Image-2021-01-12-at-16.29.39-1-300x225.jpeg 300w, https:\/\/eldiariodesanpedro.com.ar\/sitio\/wp-content\/uploads\/2021\/01\/WhatsApp-Image-2021-01-12-at-16.29.39-1-768x576.jpeg 768w, https:\/\/eldiariodesanpedro.com.ar\/sitio\/wp-content\/uploads\/2021\/01\/WhatsApp-Image-2021-01-12-at-16.29.39-1-500x375.jpeg 500w, https:\/\/eldiariodesanpedro.com.ar\/sitio\/wp-content\/uploads\/2021\/01\/WhatsApp-Image-2021-01-12-at-16.29.39-1.jpeg 1280w\" data-sizes=\"(max-width: 1024px) 100vw, 1024px\" src=\"data:image\/svg+xml;base64,PHN2ZyB3aWR0aD0iMSIgaGVpZ2h0PSIxIiB4bWxucz0iaHR0cDovL3d3dy53My5vcmcvMjAwMC9zdmciPjwvc3ZnPg==\" style=\"--smush-placeholder-width: 1024px; --smush-placeholder-aspect-ratio: 1024\/768;\" \/><\/figure>\n\n\n\n<figure class=\"wp-block-image size-large\"><img decoding=\"async\" width=\"1024\" height=\"768\" data-attachment-id=\"85857\" data-permalink=\"https:\/\/eldiariodesanpedro.com.ar\/sitio\/reunion-con-clubes-y-pedido-de-mayor-cumplimiento-de-las-medidas-preventivas\/whatsapp-image-2021-01-12-at-16-29-38\/\" data-orig-file=\"https:\/\/eldiariodesanpedro.com.ar\/sitio\/wp-content\/uploads\/2021\/01\/WhatsApp-Image-2021-01-12-at-16.29.38.jpeg\" data-orig-size=\"1280,960\" data-comments-opened=\"1\" data-image-meta=\"{&quot;aperture&quot;:&quot;0&quot;,&quot;credit&quot;:&quot;&quot;,&quot;camera&quot;:&quot;&quot;,&quot;caption&quot;:&quot;&quot;,&quot;created_timestamp&quot;:&quot;0&quot;,&quot;copyright&quot;:&quot;&quot;,&quot;focal_length&quot;:&quot;0&quot;,&quot;iso&quot;:&quot;0&quot;,&quot;shutter_speed&quot;:&quot;0&quot;,&quot;title&quot;:&quot;&quot;,&quot;orientation&quot;:&quot;0&quot;}\" data-image-title=\"WhatsApp Image 2021-01-12 at 16.29.38\" data-image-description=\"\" data-image-caption=\"\" data-large-file=\"https:\/\/eldiariodesanpedro.com.ar\/sitio\/wp-content\/uploads\/2021\/01\/WhatsApp-Image-2021-01-12-at-16.29.38-1024x768.jpeg\" data-src=\"https:\/\/eldiariodesanpedro.com.ar\/sitio\/wp-content\/uploads\/2021\/01\/WhatsApp-Image-2021-01-12-at-16.29.38-1024x768.jpeg\" alt=\"\" class=\"wp-image-85857 lazyload\" data-srcset=\"https:\/\/eldiariodesanpedro.com.ar\/sitio\/wp-content\/uploads\/2021\/01\/WhatsApp-Image-2021-01-12-at-16.29.38-1024x768.jpeg 1024w, https:\/\/eldiariodesanpedro.com.ar\/sitio\/wp-content\/uploads\/2021\/01\/WhatsApp-Image-2021-01-12-at-16.29.38-300x225.jpeg 300w, https:\/\/eldiariodesanpedro.com.ar\/sitio\/wp-content\/uploads\/2021\/01\/WhatsApp-Image-2021-01-12-at-16.29.38-768x576.jpeg 768w, https:\/\/eldiariodesanpedro.com.ar\/sitio\/wp-content\/uploads\/2021\/01\/WhatsApp-Image-2021-01-12-at-16.29.38-500x375.jpeg 500w, https:\/\/eldiariodesanpedro.com.ar\/sitio\/wp-content\/uploads\/2021\/01\/WhatsApp-Image-2021-01-12-at-16.29.38.jpeg 1280w\" data-sizes=\"(max-width: 1024px) 100vw, 1024px\" src=\"data:image\/svg+xml;base64,PHN2ZyB3aWR0aD0iMSIgaGVpZ2h0PSIxIiB4bWxucz0iaHR0cDovL3d3dy53My5vcmcvMjAwMC9zdmciPjwvc3ZnPg==\" style=\"--smush-placeholder-width: 1024px; --smush-placeholder-aspect-ratio: 1024\/768;\" \/><\/figure>\n","protected":false},"excerpt":{"rendered":"<p>El Intendente Interino Ram\u00f3n Salazar y el Sec. de Coordinaci\u00f3n Hern\u00e1n Contreras concretaron esta tarde una reuni\u00f3n convocada desde el gobierno local para solicitar a los clubes que reciben la mayor cantidad de socios durante la temporada, un refuerzo en el control de las medidas de prevenci\u00f3n de Covid-19. Ignacio Alcorta por Paran\u00e1 F.C., Horacio [&hellip;]<\/p>\n","protected":false},"author":4,"featured_media":85856,"comment_status":"open","ping_status":"closed","sticky":false,"template":"","format":"standard","meta":{"om_disable_all_campaigns":false,"_jetpack_memberships_contains_paid_content":false,"footnotes":""},"categories":[50,101,2],"tags":[],"class_list":["post-85855","post","type-post","status-publish","format-standard","has-post-thumbnail","hentry","category-destacadas","category-interes-general-locales","category-locales"],"aioseo_notices":[],"gutentor_comment":0,"jetpack_featured_media_url":"https:\/\/eldiariodesanpedro.com.ar\/sitio\/wp-content\/uploads\/2021\/01\/WhatsApp-Image-2021-01-12-at-16.29.38-1.jpeg","jetpack_shortlink":"https:\/\/wp.me\/p6RhLt-mkL","jetpack_sharing_enabled":true,"_links":{"self":[{"href":"https:\/\/eldiariodesanpedro.com.ar\/sitio\/wp-json\/wp\/v2\/posts\/85855","targetHints":{"allow":["GET"]}}],"collection":[{"href":"https:\/\/eldiariodesanpedro.com.ar\/sitio\/wp-json\/wp\/v2\/posts"}],"about":[{"href":"https:\/\/eldiariodesanpedro.com.ar\/sitio\/wp-json\/wp\/v2\/types\/post"}],"author":[{"embeddable":true,"href":"https:\/\/eldiariodesanpedro.com.ar\/sitio\/wp-json\/wp\/v2\/users\/4"}],"replies":[{"embeddable":true,"href":"https:\/\/eldiariodesanpedro.com.ar\/sitio\/wp-json\/wp\/v2\/comments?post=85855"}],"version-history":[{"count":2,"href":"https:\/\/eldiariodesanpedro.com.ar\/sitio\/wp-json\/wp\/v2\/posts\/85855\/revisions"}],"predecessor-version":[{"id":85861,"href":"https:\/\/eldiariodesanpedro.com.ar\/sitio\/wp-json\/wp\/v2\/posts\/85855\/revisions\/85861"}],"wp:featuredmedia":[{"embeddable":true,"href":"https:\/\/eldiariodesanpedro.com.ar\/sitio\/wp-json\/wp\/v2\/media\/85856"}],"wp:attachment":[{"href":"https:\/\/eldiariodesanpedro.com.ar\/sitio\/wp-json\/wp\/v2\/media?parent=85855"}],"wp:term":[{"taxonomy":"category","embeddable":true,"href":"https:\/\/eldiariodesanpedro.com.ar\/sitio\/wp-json\/wp\/v2\/categories?post=85855"},{"taxonomy":"post_tag","embeddable":true,"href":"https:\/\/eldiariodesanpedro.com.ar\/sitio\/wp-json\/wp\/v2\/tags?post=85855"}],"curies":[{"name":"wp","href":"https:\/\/api.w.org\/{rel}","templated":true}]}}