{"id":85850,"date":"2021-01-12T17:43:33","date_gmt":"2021-01-12T20:43:33","guid":{"rendered":"https:\/\/eldiariodesanpedro.com.ar\/sitio\/?p=85850"},"modified":"2021-01-12T17:43:37","modified_gmt":"2021-01-12T20:43:37","slug":"reapertura-de-mansa-lyfe","status":"publish","type":"post","link":"https:\/\/eldiariodesanpedro.com.ar\/sitio\/reapertura-de-mansa-lyfe\/","title":{"rendered":"Reapertura de MANSA LYFE"},"content":{"rendered":"<!-- VideographyWP Plugin Message: Automatic video embedding prevented by plugin options. -->\n\n<p>Esta ma\u00f1ana se llev\u00f3 a cabo en la Secretar\u00eda de Turismo, la conferencia de prensa para brindar informaci\u00f3n oficial sobre la reapertura del Complejo MANSA LYFE de San Pedro.<\/p>\n\n\n\n<p>Durante el encuentro, la Secretaria de Turismo Lic. Marcela Cu\u00f1er y el Administrador del Complejo Cristian Romero, ofrecieron detalles sobre las condiciones establecidas para esta reapertura del complejo en cuanto a capacidades y protocolos que se deber\u00e1n cumplir, junto a los planes de actividades para el resto del verano.<\/p>\n\n\n\n<p>Hace algunas semanas atr\u00e1s, el Intendente Cecilio Salazar tuvo conversaciones con representantes del Sindicato de Luz y Fuerza Zona del Paran\u00e1, y solicit\u00f3 la reapertura m\u00e1s all\u00e1 de la decisi\u00f3n tomada a nivel nacional, entendiendo que se le puede brindar un espacio a sampedrinos y turistas que visitan nuestra ciudad, ofreciendo otra opci\u00f3n de esparcimiento en esta temporada de verano.<\/p>\n","protected":false},"excerpt":{"rendered":"<p>Esta ma\u00f1ana se llev\u00f3 a cabo en la Secretar\u00eda de Turismo, la conferencia de prensa para brindar informaci\u00f3n oficial sobre la reapertura del Complejo MANSA LYFE de San Pedro. Durante el encuentro, la Secretaria de Turismo Lic. Marcela Cu\u00f1er y el Administrador del Complejo Cristian Romero, ofrecieron detalles sobre las condiciones establecidas para esta reapertura [&hellip;]<\/p>\n","protected":false},"author":4,"featured_media":85851,"comment_status":"open","ping_status":"closed","sticky":false,"template":"","format":"standard","meta":{"om_disable_all_campaigns":false,"_jetpack_memberships_contains_paid_content":false,"footnotes":""},"categories":[50,101,2],"tags":[],"class_list":["post-85850","post","type-post","status-publish","format-standard","has-post-thumbnail","hentry","category-destacadas","category-interes-general-locales","category-locales"],"aioseo_notices":[],"gutentor_comment":0,"jetpack_featured_media_url":"https:\/\/eldiariodesanpedro.com.ar\/sitio\/wp-content\/uploads\/2021\/01\/WhatsApp-Image-2021-01-12-at-13.00.07-1.jpeg","jetpack_shortlink":"https:\/\/wp.me\/p6RhLt-mkG","jetpack_sharing_enabled":true,"_links":{"self":[{"href":"https:\/\/eldiariodesanpedro.com.ar\/sitio\/wp-json\/wp\/v2\/posts\/85850","targetHints":{"allow":["GET"]}}],"collection":[{"href":"https:\/\/eldiariodesanpedro.com.ar\/sitio\/wp-json\/wp\/v2\/posts"}],"about":[{"href":"https:\/\/eldiariodesanpedro.com.ar\/sitio\/wp-json\/wp\/v2\/types\/post"}],"author":[{"embeddable":true,"href":"https:\/\/eldiariodesanpedro.com.ar\/sitio\/wp-json\/wp\/v2\/users\/4"}],"replies":[{"embeddable":true,"href":"https:\/\/eldiariodesanpedro.com.ar\/sitio\/wp-json\/wp\/v2\/comments?post=85850"}],"version-history":[{"count":1,"href":"https:\/\/eldiariodesanpedro.com.ar\/sitio\/wp-json\/wp\/v2\/posts\/85850\/revisions"}],"predecessor-version":[{"id":85854,"href":"https:\/\/eldiariodesanpedro.com.ar\/sitio\/wp-json\/wp\/v2\/posts\/85850\/revisions\/85854"}],"wp:featuredmedia":[{"embeddable":true,"href":"https:\/\/eldiariodesanpedro.com.ar\/sitio\/wp-json\/wp\/v2\/media\/85851"}],"wp:attachment":[{"href":"https:\/\/eldiariodesanpedro.com.ar\/sitio\/wp-json\/wp\/v2\/media?parent=85850"}],"wp:term":[{"taxonomy":"category","embeddable":true,"href":"https:\/\/eldiariodesanpedro.com.ar\/sitio\/wp-json\/wp\/v2\/categories?post=85850"},{"taxonomy":"post_tag","embeddable":true,"href":"https:\/\/eldiariodesanpedro.com.ar\/sitio\/wp-json\/wp\/v2\/tags?post=85850"}],"curies":[{"name":"wp","href":"https:\/\/api.w.org\/{rel}","templated":true}]}}