{"id":85843,"date":"2021-01-12T12:03:59","date_gmt":"2021-01-12T15:03:59","guid":{"rendered":"https:\/\/eldiariodesanpedro.com.ar\/sitio\/?p=85843"},"modified":"2021-01-12T12:04:04","modified_gmt":"2021-01-12T15:04:04","slug":"desarrollo-economico-ya-funciona-en-la-casona-de-turismo","status":"publish","type":"post","link":"https:\/\/eldiariodesanpedro.com.ar\/sitio\/desarrollo-economico-ya-funciona-en-la-casona-de-turismo\/","title":{"rendered":"Desarrollo Econ\u00f3mico ya funciona en la Casona de Turismo"},"content":{"rendered":"<!-- VideographyWP Plugin Message: Automatic video embedding prevented by plugin options. -->\n\n<p>Se informa a la comunidad que desde esta semana todos los tr\u00e1mites y consultas relacionadas con la Secretar\u00eda de Desarrollo Econ\u00f3mico se cumplen de manera presencial en las oficinas de la Secretar\u00eda de Turismo, en Mitre y Liniers. La Oficina de Gu\u00edas y la recepci\u00f3n de consultas sobre programas vigentes, tr\u00e1mites y gestiones deben realizarse all\u00ed de lunes a viernes de 8 a 14 o a los contactos (03329) 422050 o al 3329-317016.<\/p>\n","protected":false},"excerpt":{"rendered":"<p>Se informa a la comunidad que desde esta semana todos los tr\u00e1mites y consultas relacionadas con la Secretar\u00eda de Desarrollo Econ\u00f3mico se cumplen de manera presencial en las oficinas de la Secretar\u00eda de Turismo, en Mitre y Liniers. La Oficina de Gu\u00edas y la recepci\u00f3n de consultas sobre programas vigentes, tr\u00e1mites y gestiones deben realizarse [&hellip;]<\/p>\n","protected":false},"author":4,"featured_media":85844,"comment_status":"open","ping_status":"closed","sticky":false,"template":"","format":"standard","meta":{"om_disable_all_campaigns":false,"_jetpack_memberships_contains_paid_content":false,"footnotes":""},"categories":[101,2],"tags":[],"class_list":["post-85843","post","type-post","status-publish","format-standard","has-post-thumbnail","hentry","category-interes-general-locales","category-locales"],"aioseo_notices":[],"gutentor_comment":0,"jetpack_featured_media_url":"https:\/\/eldiariodesanpedro.com.ar\/sitio\/wp-content\/uploads\/2021\/01\/frente_toma2.jpg","jetpack_shortlink":"https:\/\/wp.me\/p6RhLt-mkz","jetpack_sharing_enabled":true,"_links":{"self":[{"href":"https:\/\/eldiariodesanpedro.com.ar\/sitio\/wp-json\/wp\/v2\/posts\/85843","targetHints":{"allow":["GET"]}}],"collection":[{"href":"https:\/\/eldiariodesanpedro.com.ar\/sitio\/wp-json\/wp\/v2\/posts"}],"about":[{"href":"https:\/\/eldiariodesanpedro.com.ar\/sitio\/wp-json\/wp\/v2\/types\/post"}],"author":[{"embeddable":true,"href":"https:\/\/eldiariodesanpedro.com.ar\/sitio\/wp-json\/wp\/v2\/users\/4"}],"replies":[{"embeddable":true,"href":"https:\/\/eldiariodesanpedro.com.ar\/sitio\/wp-json\/wp\/v2\/comments?post=85843"}],"version-history":[{"count":1,"href":"https:\/\/eldiariodesanpedro.com.ar\/sitio\/wp-json\/wp\/v2\/posts\/85843\/revisions"}],"predecessor-version":[{"id":85845,"href":"https:\/\/eldiariodesanpedro.com.ar\/sitio\/wp-json\/wp\/v2\/posts\/85843\/revisions\/85845"}],"wp:featuredmedia":[{"embeddable":true,"href":"https:\/\/eldiariodesanpedro.com.ar\/sitio\/wp-json\/wp\/v2\/media\/85844"}],"wp:attachment":[{"href":"https:\/\/eldiariodesanpedro.com.ar\/sitio\/wp-json\/wp\/v2\/media?parent=85843"}],"wp:term":[{"taxonomy":"category","embeddable":true,"href":"https:\/\/eldiariodesanpedro.com.ar\/sitio\/wp-json\/wp\/v2\/categories?post=85843"},{"taxonomy":"post_tag","embeddable":true,"href":"https:\/\/eldiariodesanpedro.com.ar\/sitio\/wp-json\/wp\/v2\/tags?post=85843"}],"curies":[{"name":"wp","href":"https:\/\/api.w.org\/{rel}","templated":true}]}}