{"id":85839,"date":"2021-01-12T11:54:30","date_gmt":"2021-01-12T14:54:30","guid":{"rendered":"https:\/\/eldiariodesanpedro.com.ar\/sitio\/?p=85839"},"modified":"2021-01-12T11:54:34","modified_gmt":"2021-01-12T14:54:34","slug":"un-camion-colisiono-a-un-automovil-por-detras","status":"publish","type":"post","link":"https:\/\/eldiariodesanpedro.com.ar\/sitio\/un-camion-colisiono-a-un-automovil-por-detras\/","title":{"rendered":"Un cami\u00f3n colision\u00f3 a un autom\u00f3vil por detr\u00e1s"},"content":{"rendered":"<!-- VideographyWP Plugin Message: Automatic video embedding prevented by plugin options. -->\n\n<p>En la jornada de ayer en horas de la ma\u00f1ana la polic\u00eda intervino en accidente de tr\u00e1nsito ocurrido en ruta nacional 9 km 164 carril a rosario, donde por causas se establece un cami\u00f3n cargado con hierro colision\u00f3 por alcance un autom\u00f3vil.&nbsp;<\/p>\n\n\n\n<p>Como consecuencia el conductor rodado menor, masculino de 50 a\u00f1os de edad, sufri\u00f3 lesiones leves, por su parte el conductor del cami\u00f3n result\u00f3 ileso.<\/p>\n","protected":false},"excerpt":{"rendered":"<p>En la jornada de ayer en horas de la ma\u00f1ana la polic\u00eda intervino en accidente de tr\u00e1nsito ocurrido en ruta nacional 9 km 164 carril a rosario, donde por causas se establece un cami\u00f3n cargado con hierro colision\u00f3 por alcance un autom\u00f3vil.&nbsp; Como consecuencia el conductor rodado menor, masculino de 50 a\u00f1os de edad, sufri\u00f3 [&hellip;]<\/p>\n","protected":false},"author":4,"featured_media":85840,"comment_status":"open","ping_status":"closed","sticky":false,"template":"","format":"standard","meta":{"om_disable_all_campaigns":false,"_jetpack_memberships_contains_paid_content":false,"footnotes":""},"categories":[2,103],"tags":[],"class_list":["post-85839","post","type-post","status-publish","format-standard","has-post-thumbnail","hentry","category-locales","category-policiales-locales"],"aioseo_notices":[],"gutentor_comment":0,"jetpack_featured_media_url":"https:\/\/eldiariodesanpedro.com.ar\/sitio\/wp-content\/uploads\/2021\/01\/camion-accidente.jpg","jetpack_shortlink":"https:\/\/wp.me\/p6RhLt-mkv","jetpack_sharing_enabled":true,"_links":{"self":[{"href":"https:\/\/eldiariodesanpedro.com.ar\/sitio\/wp-json\/wp\/v2\/posts\/85839","targetHints":{"allow":["GET"]}}],"collection":[{"href":"https:\/\/eldiariodesanpedro.com.ar\/sitio\/wp-json\/wp\/v2\/posts"}],"about":[{"href":"https:\/\/eldiariodesanpedro.com.ar\/sitio\/wp-json\/wp\/v2\/types\/post"}],"author":[{"embeddable":true,"href":"https:\/\/eldiariodesanpedro.com.ar\/sitio\/wp-json\/wp\/v2\/users\/4"}],"replies":[{"embeddable":true,"href":"https:\/\/eldiariodesanpedro.com.ar\/sitio\/wp-json\/wp\/v2\/comments?post=85839"}],"version-history":[{"count":1,"href":"https:\/\/eldiariodesanpedro.com.ar\/sitio\/wp-json\/wp\/v2\/posts\/85839\/revisions"}],"predecessor-version":[{"id":85841,"href":"https:\/\/eldiariodesanpedro.com.ar\/sitio\/wp-json\/wp\/v2\/posts\/85839\/revisions\/85841"}],"wp:featuredmedia":[{"embeddable":true,"href":"https:\/\/eldiariodesanpedro.com.ar\/sitio\/wp-json\/wp\/v2\/media\/85840"}],"wp:attachment":[{"href":"https:\/\/eldiariodesanpedro.com.ar\/sitio\/wp-json\/wp\/v2\/media?parent=85839"}],"wp:term":[{"taxonomy":"category","embeddable":true,"href":"https:\/\/eldiariodesanpedro.com.ar\/sitio\/wp-json\/wp\/v2\/categories?post=85839"},{"taxonomy":"post_tag","embeddable":true,"href":"https:\/\/eldiariodesanpedro.com.ar\/sitio\/wp-json\/wp\/v2\/tags?post=85839"}],"curies":[{"name":"wp","href":"https:\/\/api.w.org\/{rel}","templated":true}]}}