{"id":85837,"date":"2021-01-12T11:45:12","date_gmt":"2021-01-12T14:45:12","guid":{"rendered":"https:\/\/eldiariodesanpedro.com.ar\/sitio\/?p=85837"},"modified":"2021-01-12T11:45:16","modified_gmt":"2021-01-12T14:45:16","slug":"dos-aprehendidos-por-tenencia-de-arma-blanca","status":"publish","type":"post","link":"https:\/\/eldiariodesanpedro.com.ar\/sitio\/dos-aprehendidos-por-tenencia-de-arma-blanca\/","title":{"rendered":"Dos aprehendidos por tenencia de arma blanca"},"content":{"rendered":"<!-- VideographyWP Plugin Message: Automatic video embedding prevented by plugin options. -->\n\n<p>Este lunes en la intersecci\u00f3n de las calles Italia y Sarmiento, aprehende a masculino 18 a\u00f1os, quien se encontraba en la v\u00eda p\u00fablica portando arma blanca. &nbsp;<\/p>\n\n\n\n<p>El mismo d\u00eda en la intersecci\u00f3n de Sargento Selada y Nieto De Torres, aprehende masculino 27 a\u00f1os, quien se encontraba en la v\u00eda p\u00fablica portando arma blanca.<\/p>\n\n\n\n<p>En ambos casos se inform\u00f3 al Juzgado de Paz local donde se le realiz\u00f3 una contravenci\u00f3n y se los puso r\u00e1pidamente en libertad.<\/p>\n","protected":false},"excerpt":{"rendered":"<p>Este lunes en la intersecci\u00f3n de las calles Italia y Sarmiento, aprehende a masculino 18 a\u00f1os, quien se encontraba en la v\u00eda p\u00fablica portando arma blanca. &nbsp; El mismo d\u00eda en la intersecci\u00f3n de Sargento Selada y Nieto De Torres, aprehende masculino 27 a\u00f1os, quien se encontraba en la v\u00eda p\u00fablica portando arma blanca. En [&hellip;]<\/p>\n","protected":false},"author":4,"featured_media":78774,"comment_status":"open","ping_status":"closed","sticky":false,"template":"","format":"standard","meta":{"om_disable_all_campaigns":false,"_jetpack_memberships_contains_paid_content":false,"footnotes":""},"categories":[2,103],"tags":[],"class_list":["post-85837","post","type-post","status-publish","format-standard","has-post-thumbnail","hentry","category-locales","category-policiales-locales"],"aioseo_notices":[],"gutentor_comment":0,"jetpack_featured_media_url":"https:\/\/eldiariodesanpedro.com.ar\/sitio\/wp-content\/uploads\/2020\/08\/Policia-de-noche-2014-695x510-1.jpg","jetpack_shortlink":"https:\/\/wp.me\/p6RhLt-mkt","jetpack_sharing_enabled":true,"_links":{"self":[{"href":"https:\/\/eldiariodesanpedro.com.ar\/sitio\/wp-json\/wp\/v2\/posts\/85837","targetHints":{"allow":["GET"]}}],"collection":[{"href":"https:\/\/eldiariodesanpedro.com.ar\/sitio\/wp-json\/wp\/v2\/posts"}],"about":[{"href":"https:\/\/eldiariodesanpedro.com.ar\/sitio\/wp-json\/wp\/v2\/types\/post"}],"author":[{"embeddable":true,"href":"https:\/\/eldiariodesanpedro.com.ar\/sitio\/wp-json\/wp\/v2\/users\/4"}],"replies":[{"embeddable":true,"href":"https:\/\/eldiariodesanpedro.com.ar\/sitio\/wp-json\/wp\/v2\/comments?post=85837"}],"version-history":[{"count":1,"href":"https:\/\/eldiariodesanpedro.com.ar\/sitio\/wp-json\/wp\/v2\/posts\/85837\/revisions"}],"predecessor-version":[{"id":85838,"href":"https:\/\/eldiariodesanpedro.com.ar\/sitio\/wp-json\/wp\/v2\/posts\/85837\/revisions\/85838"}],"wp:featuredmedia":[{"embeddable":true,"href":"https:\/\/eldiariodesanpedro.com.ar\/sitio\/wp-json\/wp\/v2\/media\/78774"}],"wp:attachment":[{"href":"https:\/\/eldiariodesanpedro.com.ar\/sitio\/wp-json\/wp\/v2\/media?parent=85837"}],"wp:term":[{"taxonomy":"category","embeddable":true,"href":"https:\/\/eldiariodesanpedro.com.ar\/sitio\/wp-json\/wp\/v2\/categories?post=85837"},{"taxonomy":"post_tag","embeddable":true,"href":"https:\/\/eldiariodesanpedro.com.ar\/sitio\/wp-json\/wp\/v2\/tags?post=85837"}],"curies":[{"name":"wp","href":"https:\/\/api.w.org\/{rel}","templated":true}]}}