{"id":85829,"date":"2021-01-12T10:57:01","date_gmt":"2021-01-12T13:57:01","guid":{"rendered":"https:\/\/eldiariodesanpedro.com.ar\/sitio\/?p=85829"},"modified":"2021-01-12T10:57:05","modified_gmt":"2021-01-12T13:57:05","slug":"san-nicolas-llegaron-otras-450-vacunas-para-el-personal-de-salud","status":"publish","type":"post","link":"https:\/\/eldiariodesanpedro.com.ar\/sitio\/san-nicolas-llegaron-otras-450-vacunas-para-el-personal-de-salud\/","title":{"rendered":"SAN NICOL\u00c1S | Llegaron otras 450 vacunas para el personal de salud"},"content":{"rendered":"<!-- VideographyWP Plugin Message: Automatic video embedding prevented by plugin options. -->\n\n<p>En la ma\u00f1ana de este martes arribaron al hospital San Felipe de San Nicol\u00e1s 450 dosis m\u00e1s de la vacuna Sputnik V, que servir\u00e1n para dar continuidad a la campa\u00f1a de vacunaci\u00f3n contra el Coronavirus que se inici\u00f3 dos semanas atr\u00e1s. \u201cContinuamos vacunando al personal de salud nicole\u00f1o.<\/p>\n\n\n\n<p>Al resto de la poblaci\u00f3n les pedimos que se anoten, es importante vacunarse y evitar una segunda ola tr\u00e1gica\u201d, indic\u00f3 un comunicado del hospital San Felipe, instituci\u00f3n establecida como vacunatorio para nuestro distrito, donde las dosis se administran no s\u00f3lo al personal propio, sino al de otros efectores y a profesionales particulares.<\/p>\n\n\n\n<p>\u201cCabe recordar que la primer entrega de vacunas a la ciudad, la recibimos el 29 de diciembre con un lote de 450 vacunas y ya est\u00e1n todas colocadas. En el d\u00eda de la fecha volveremos a reanudar la vacunaci\u00f3n en el hospital San Felipe\u201d, agregaron desde el hospital p\u00fablico dependiente del Ministerio de Salud de la provincia de Buenos Aires.<\/p>\n\n\n\n<p>Fuente: <a href=\"https:\/\/diarioelnorte.com.ar\/nota?id_noticia=9546\">Diario El Norte<\/a><\/p>\n","protected":false},"excerpt":{"rendered":"<p>En la ma\u00f1ana de este martes arribaron al hospital San Felipe de San Nicol\u00e1s 450 dosis m\u00e1s de la vacuna Sputnik V, que servir\u00e1n para dar continuidad a la campa\u00f1a de vacunaci\u00f3n contra el Coronavirus que se inici\u00f3 dos semanas atr\u00e1s. \u201cContinuamos vacunando al personal de salud nicole\u00f1o. Al resto de la poblaci\u00f3n les pedimos [&hellip;]<\/p>\n","protected":false},"author":4,"featured_media":85830,"comment_status":"open","ping_status":"closed","sticky":false,"template":"","format":"standard","meta":{"om_disable_all_campaigns":false,"_jetpack_memberships_contains_paid_content":false,"footnotes":""},"categories":[621],"tags":[],"class_list":["post-85829","post","type-post","status-publish","format-standard","has-post-thumbnail","hentry","category-regionales"],"aioseo_notices":[],"gutentor_comment":0,"jetpack_featured_media_url":"https:\/\/eldiariodesanpedro.com.ar\/sitio\/wp-content\/uploads\/2021\/01\/0-3-1.jpg","jetpack_shortlink":"https:\/\/wp.me\/p6RhLt-mkl","jetpack_sharing_enabled":true,"_links":{"self":[{"href":"https:\/\/eldiariodesanpedro.com.ar\/sitio\/wp-json\/wp\/v2\/posts\/85829","targetHints":{"allow":["GET"]}}],"collection":[{"href":"https:\/\/eldiariodesanpedro.com.ar\/sitio\/wp-json\/wp\/v2\/posts"}],"about":[{"href":"https:\/\/eldiariodesanpedro.com.ar\/sitio\/wp-json\/wp\/v2\/types\/post"}],"author":[{"embeddable":true,"href":"https:\/\/eldiariodesanpedro.com.ar\/sitio\/wp-json\/wp\/v2\/users\/4"}],"replies":[{"embeddable":true,"href":"https:\/\/eldiariodesanpedro.com.ar\/sitio\/wp-json\/wp\/v2\/comments?post=85829"}],"version-history":[{"count":1,"href":"https:\/\/eldiariodesanpedro.com.ar\/sitio\/wp-json\/wp\/v2\/posts\/85829\/revisions"}],"predecessor-version":[{"id":85831,"href":"https:\/\/eldiariodesanpedro.com.ar\/sitio\/wp-json\/wp\/v2\/posts\/85829\/revisions\/85831"}],"wp:featuredmedia":[{"embeddable":true,"href":"https:\/\/eldiariodesanpedro.com.ar\/sitio\/wp-json\/wp\/v2\/media\/85830"}],"wp:attachment":[{"href":"https:\/\/eldiariodesanpedro.com.ar\/sitio\/wp-json\/wp\/v2\/media?parent=85829"}],"wp:term":[{"taxonomy":"category","embeddable":true,"href":"https:\/\/eldiariodesanpedro.com.ar\/sitio\/wp-json\/wp\/v2\/categories?post=85829"},{"taxonomy":"post_tag","embeddable":true,"href":"https:\/\/eldiariodesanpedro.com.ar\/sitio\/wp-json\/wp\/v2\/tags?post=85829"}],"curies":[{"name":"wp","href":"https:\/\/api.w.org\/{rel}","templated":true}]}}