{"id":85826,"date":"2021-01-12T10:51:10","date_gmt":"2021-01-12T13:51:10","guid":{"rendered":"https:\/\/eldiariodesanpedro.com.ar\/sitio\/?p=85826"},"modified":"2021-01-12T10:51:11","modified_gmt":"2021-01-12T13:51:11","slug":"san-nicolas-un-tren-de-carga-choco-a-una-camioneta","status":"publish","type":"post","link":"https:\/\/eldiariodesanpedro.com.ar\/sitio\/san-nicolas-un-tren-de-carga-choco-a-una-camioneta\/","title":{"rendered":"SAN NICOL\u00c1S | Un tren de carga choc\u00f3 a una camioneta"},"content":{"rendered":"<!-- VideographyWP Plugin Message: Automatic video embedding prevented by plugin options. -->\n\n<p>En la tarde de este lunes se produjo un choque en Ponce de Le\u00f3n y Las V\u00edas del ferrocarril donde una formaci\u00f3n de carga NCA embisti\u00f3 y arrastr\u00f3 a una camioneta Ford Ecosport, dominio LEX 851.<br><br>Milagrosamente no hubo heridos. Los ocupantes de la camioneta, un hombre de 53 a\u00f1os y un joven de 19, resultaron ilesos.<br><br>Trabaj\u00f3 una dotaci\u00f3n de Bomberos y una ambulancia del SAME, mientras que la formaci\u00f3n qued\u00f3 detenida en el lugar.<\/p>\n\n\n\n<p><\/p>\n","protected":false},"excerpt":{"rendered":"<p>En la tarde de este lunes se produjo un choque en Ponce de Le\u00f3n y Las V\u00edas del ferrocarril donde una formaci\u00f3n de carga NCA embisti\u00f3 y arrastr\u00f3 a una camioneta Ford Ecosport, dominio LEX 851. Milagrosamente no hubo heridos. Los ocupantes de la camioneta, un hombre de 53 a\u00f1os y un joven de 19, [&hellip;]<\/p>\n","protected":false},"author":4,"featured_media":85827,"comment_status":"open","ping_status":"closed","sticky":false,"template":"","format":"standard","meta":{"om_disable_all_campaigns":false,"_jetpack_memberships_contains_paid_content":false,"footnotes":""},"categories":[621],"tags":[],"class_list":["post-85826","post","type-post","status-publish","format-standard","has-post-thumbnail","hentry","category-regionales"],"aioseo_notices":[],"gutentor_comment":0,"jetpack_featured_media_url":"https:\/\/eldiariodesanpedro.com.ar\/sitio\/wp-content\/uploads\/2021\/01\/0-2-3.jpg","jetpack_shortlink":"https:\/\/wp.me\/p6RhLt-mki","jetpack_sharing_enabled":true,"_links":{"self":[{"href":"https:\/\/eldiariodesanpedro.com.ar\/sitio\/wp-json\/wp\/v2\/posts\/85826","targetHints":{"allow":["GET"]}}],"collection":[{"href":"https:\/\/eldiariodesanpedro.com.ar\/sitio\/wp-json\/wp\/v2\/posts"}],"about":[{"href":"https:\/\/eldiariodesanpedro.com.ar\/sitio\/wp-json\/wp\/v2\/types\/post"}],"author":[{"embeddable":true,"href":"https:\/\/eldiariodesanpedro.com.ar\/sitio\/wp-json\/wp\/v2\/users\/4"}],"replies":[{"embeddable":true,"href":"https:\/\/eldiariodesanpedro.com.ar\/sitio\/wp-json\/wp\/v2\/comments?post=85826"}],"version-history":[{"count":1,"href":"https:\/\/eldiariodesanpedro.com.ar\/sitio\/wp-json\/wp\/v2\/posts\/85826\/revisions"}],"predecessor-version":[{"id":85828,"href":"https:\/\/eldiariodesanpedro.com.ar\/sitio\/wp-json\/wp\/v2\/posts\/85826\/revisions\/85828"}],"wp:featuredmedia":[{"embeddable":true,"href":"https:\/\/eldiariodesanpedro.com.ar\/sitio\/wp-json\/wp\/v2\/media\/85827"}],"wp:attachment":[{"href":"https:\/\/eldiariodesanpedro.com.ar\/sitio\/wp-json\/wp\/v2\/media?parent=85826"}],"wp:term":[{"taxonomy":"category","embeddable":true,"href":"https:\/\/eldiariodesanpedro.com.ar\/sitio\/wp-json\/wp\/v2\/categories?post=85826"},{"taxonomy":"post_tag","embeddable":true,"href":"https:\/\/eldiariodesanpedro.com.ar\/sitio\/wp-json\/wp\/v2\/tags?post=85826"}],"curies":[{"name":"wp","href":"https:\/\/api.w.org\/{rel}","templated":true}]}}