{"id":85819,"date":"2021-01-12T10:18:01","date_gmt":"2021-01-12T13:18:01","guid":{"rendered":"https:\/\/eldiariodesanpedro.com.ar\/sitio\/?p=85819"},"modified":"2021-01-12T10:18:26","modified_gmt":"2021-01-12T13:18:26","slug":"familia-de-gobernador-castro-protagonizo-fatal-accidente","status":"publish","type":"post","link":"https:\/\/eldiariodesanpedro.com.ar\/sitio\/familia-de-gobernador-castro-protagonizo-fatal-accidente\/","title":{"rendered":"Familia de Gobernador Castro protagoniz\u00f3 fatal accidente"},"content":{"rendered":"<!-- VideographyWP Plugin Message: Automatic video embedding prevented by plugin options. -->\n\n<p>El tr\u00e1gico accidente se produjo en la noche del lunes en la localidad nicole\u00f1a de Gral. Rojo. En el accidente falleci\u00f3 Javier Coria y result\u00f3 gravemente herida su esposa Silvina Parra.<\/p>\n\n\n\n<p>En un fatal accidente acontecido sobre la Ruta 188 en jurisdicci\u00f3n de la localidad de Gral. Rojo, en el partido de San Nicol\u00e1s, falleci\u00f3 una persona y otra result\u00f3 gravemente herida.<\/p>\n\n\n\n<p>Los protagonistas del siniestro fueron una pareja oriunda de Gdor. Castro que viv\u00eda en ese lugar desde hace un tiempo y que por cuestiones que se tratan de establecer colisionaron contra un cami\u00f3n que circulaba por ese lugar.<\/p>\n\n\n\n<p>Como consecuencia del violento impacto falleci\u00f3 Javier Coria, de 33 a\u00f1os, que es quien conduc\u00eda el Renault 18 gris y fue despedido de su habit\u00e1culo; mientras tanto, su pareja, Silvina Parra, de 44, sufri\u00f3 lesiones de consideraci\u00f3n y fue trasladada al Hospital San Felipe de San Nicol\u00e1s.<\/p>\n\n\n\n<p>Ambas personas vivieron hasta no hace mucho tiempo en la localidad de Gdor. Castro pero por cuestiones laborales se hab\u00edan mudado a Gral. Rojo.<\/p>\n\n\n\n<p>El cami\u00f3n Volkswagen 250, era guiado por Jorge Daniel Brunengo de 47 a\u00f1os, quien no sufri\u00f3 lesiones.<\/p>\n\n\n\n<p>La causa qued\u00f3 a cargo de la Fiscal\u00eda 1 de San Nicol\u00e1s.<\/p>\n\n\n\n<p>Fuente: <a href=\"https:\/\/www.sanpedroinforma.com.ar\/nota\/123933\/interes-general\/familia-de-gdor-castro-protagonizo-fatal-accidente.html\">San Pedro Informa<\/a><\/p>\n","protected":false},"excerpt":{"rendered":"<p>El tr\u00e1gico accidente se produjo en la noche del lunes en la localidad nicole\u00f1a de Gral. Rojo. En el accidente falleci\u00f3 Javier Coria y result\u00f3 gravemente herida su esposa Silvina Parra. En un fatal accidente acontecido sobre la Ruta 188 en jurisdicci\u00f3n de la localidad de Gral. Rojo, en el partido de San Nicol\u00e1s, falleci\u00f3 [&hellip;]<\/p>\n","protected":false},"author":4,"featured_media":85820,"comment_status":"open","ping_status":"closed","sticky":false,"template":"","format":"standard","meta":{"om_disable_all_campaigns":false,"_jetpack_memberships_contains_paid_content":false,"footnotes":""},"categories":[50,2,103],"tags":[],"class_list":["post-85819","post","type-post","status-publish","format-standard","has-post-thumbnail","hentry","category-destacadas","category-locales","category-policiales-locales"],"aioseo_notices":[],"gutentor_comment":0,"jetpack_featured_media_url":"https:\/\/eldiariodesanpedro.com.ar\/sitio\/wp-content\/uploads\/2021\/01\/000089341.jpg","jetpack_shortlink":"https:\/\/wp.me\/p6RhLt-mkb","jetpack_sharing_enabled":true,"_links":{"self":[{"href":"https:\/\/eldiariodesanpedro.com.ar\/sitio\/wp-json\/wp\/v2\/posts\/85819","targetHints":{"allow":["GET"]}}],"collection":[{"href":"https:\/\/eldiariodesanpedro.com.ar\/sitio\/wp-json\/wp\/v2\/posts"}],"about":[{"href":"https:\/\/eldiariodesanpedro.com.ar\/sitio\/wp-json\/wp\/v2\/types\/post"}],"author":[{"embeddable":true,"href":"https:\/\/eldiariodesanpedro.com.ar\/sitio\/wp-json\/wp\/v2\/users\/4"}],"replies":[{"embeddable":true,"href":"https:\/\/eldiariodesanpedro.com.ar\/sitio\/wp-json\/wp\/v2\/comments?post=85819"}],"version-history":[{"count":2,"href":"https:\/\/eldiariodesanpedro.com.ar\/sitio\/wp-json\/wp\/v2\/posts\/85819\/revisions"}],"predecessor-version":[{"id":85822,"href":"https:\/\/eldiariodesanpedro.com.ar\/sitio\/wp-json\/wp\/v2\/posts\/85819\/revisions\/85822"}],"wp:featuredmedia":[{"embeddable":true,"href":"https:\/\/eldiariodesanpedro.com.ar\/sitio\/wp-json\/wp\/v2\/media\/85820"}],"wp:attachment":[{"href":"https:\/\/eldiariodesanpedro.com.ar\/sitio\/wp-json\/wp\/v2\/media?parent=85819"}],"wp:term":[{"taxonomy":"category","embeddable":true,"href":"https:\/\/eldiariodesanpedro.com.ar\/sitio\/wp-json\/wp\/v2\/categories?post=85819"},{"taxonomy":"post_tag","embeddable":true,"href":"https:\/\/eldiariodesanpedro.com.ar\/sitio\/wp-json\/wp\/v2\/tags?post=85819"}],"curies":[{"name":"wp","href":"https:\/\/api.w.org\/{rel}","templated":true}]}}