{"id":85743,"date":"2021-01-10T19:03:54","date_gmt":"2021-01-10T22:03:54","guid":{"rendered":"https:\/\/eldiariodesanpedro.com.ar\/sitio\/?p=85743"},"modified":"2021-01-10T19:03:58","modified_gmt":"2021-01-10T22:03:58","slug":"a-partir-de-esta-noche-rige-el-toque-de-queda-sanitario-2","status":"publish","type":"post","link":"https:\/\/eldiariodesanpedro.com.ar\/sitio\/a-partir-de-esta-noche-rige-el-toque-de-queda-sanitario-2\/","title":{"rendered":"A partir de esta noche rige el toque de queda sanitario"},"content":{"rendered":"<!-- VideographyWP Plugin Message: Automatic video embedding prevented by plugin options. -->\n\n<p>El s\u00e1bado el gobierno de la provincia de Buenos Aires decidi\u00f3 avanzar en una primera tanda de medidas que entrar\u00e1n en vigencia el lunes 11 de enero a partir de la una de la madrugada.<\/p>\n\n\n\n<p>San Pedro se encuentra en fase 4 y eso lo involucra en una bater\u00eda de medidas que deber\u00e1n respetarse para evitar la aplicaci\u00f3n de fuertes multas para los infractores.<\/p>\n\n\n\n<p>LAS PRINCIPALES MEDIDAS<\/p>\n\n\n\n<p>-En los municipios que se encuentran en fases 3 y 4 se suspender\u00e1 entre las 01.00 y las 06.00 horas toda actividad comercial, art\u00edstica, deportiva, cultural, social y recreativa, exceptuando las actividades productivas manufactureras, agropecuarias y todas aquellas definidas como esenciales de acuerdo a la normativa vigente.<\/p>\n\n\n\n<p>-Reducir las actividades sociales, recreativas y familiares a grupos de hasta 10 personas en espacios cerrados y abiertos.<\/p>\n\n\n\n<p>-Restringir el uso de transporte de pasajeros urbano a personas alcanzadas por las actividades y servicios definidos como esenciales.<\/p>\n\n\n\n<p>-Reforzar todos los controles, tanto provinciales como municipales, para disminuir la circulaci\u00f3n de personas en horarios nocturnos y evitar la realizaci\u00f3n de actividades no permitidas.<\/p>\n\n\n\n<p>-En el caso de fiestas y\/o reuniones que vulneren lo permitido legalmente en el marco de las medidas de \u201caislamiento social preventivo y obligatorio\u201d y de \u201cdistanciamiento social preventivo y obligatorio\u201d en el \u00e1mbito de la provincia de Buenos Aires, adem\u00e1s de las sanciones previstas en el art. 205 del C\u00f3digo Penal, podr\u00e1n aplicarse multas de hasta tres millones trescientos sesenta y cuatro mil pesos ($3.364.000), tanto a los asistentes, organizadores como a los propietarios de los inmuebles donde se realicen.<\/p>\n\n\n\n<p>-El d\u00eda martes 12 de enero se actualizar\u00e1n las disposiciones en base a la nueva situaci\u00f3n epidemiol\u00f3gica y sanitaria de la provincia y sus 135 distritos.<\/p>\n","protected":false},"excerpt":{"rendered":"<p>El s\u00e1bado el gobierno de la provincia de Buenos Aires decidi\u00f3 avanzar en una primera tanda de medidas que entrar\u00e1n en vigencia el lunes 11 de enero a partir de la una de la madrugada. San Pedro se encuentra en fase 4 y eso lo involucra en una bater\u00eda de medidas que deber\u00e1n respetarse para [&hellip;]<\/p>\n","protected":false},"author":4,"featured_media":85745,"comment_status":"open","ping_status":"closed","sticky":false,"template":"","format":"standard","meta":{"om_disable_all_campaigns":false,"_jetpack_memberships_contains_paid_content":false,"footnotes":""},"categories":[50,101,2],"tags":[],"class_list":["post-85743","post","type-post","status-publish","format-standard","has-post-thumbnail","hentry","category-destacadas","category-interes-general-locales","category-locales"],"aioseo_notices":[],"gutentor_comment":0,"jetpack_featured_media_url":"https:\/\/eldiariodesanpedro.com.ar\/sitio\/wp-content\/uploads\/2021\/01\/viento_sur-0.jpg","jetpack_shortlink":"https:\/\/wp.me\/p6RhLt-miX","jetpack_sharing_enabled":true,"_links":{"self":[{"href":"https:\/\/eldiariodesanpedro.com.ar\/sitio\/wp-json\/wp\/v2\/posts\/85743","targetHints":{"allow":["GET"]}}],"collection":[{"href":"https:\/\/eldiariodesanpedro.com.ar\/sitio\/wp-json\/wp\/v2\/posts"}],"about":[{"href":"https:\/\/eldiariodesanpedro.com.ar\/sitio\/wp-json\/wp\/v2\/types\/post"}],"author":[{"embeddable":true,"href":"https:\/\/eldiariodesanpedro.com.ar\/sitio\/wp-json\/wp\/v2\/users\/4"}],"replies":[{"embeddable":true,"href":"https:\/\/eldiariodesanpedro.com.ar\/sitio\/wp-json\/wp\/v2\/comments?post=85743"}],"version-history":[{"count":1,"href":"https:\/\/eldiariodesanpedro.com.ar\/sitio\/wp-json\/wp\/v2\/posts\/85743\/revisions"}],"predecessor-version":[{"id":85746,"href":"https:\/\/eldiariodesanpedro.com.ar\/sitio\/wp-json\/wp\/v2\/posts\/85743\/revisions\/85746"}],"wp:featuredmedia":[{"embeddable":true,"href":"https:\/\/eldiariodesanpedro.com.ar\/sitio\/wp-json\/wp\/v2\/media\/85745"}],"wp:attachment":[{"href":"https:\/\/eldiariodesanpedro.com.ar\/sitio\/wp-json\/wp\/v2\/media?parent=85743"}],"wp:term":[{"taxonomy":"category","embeddable":true,"href":"https:\/\/eldiariodesanpedro.com.ar\/sitio\/wp-json\/wp\/v2\/categories?post=85743"},{"taxonomy":"post_tag","embeddable":true,"href":"https:\/\/eldiariodesanpedro.com.ar\/sitio\/wp-json\/wp\/v2\/tags?post=85743"}],"curies":[{"name":"wp","href":"https:\/\/api.w.org\/{rel}","templated":true}]}}