{"id":85730,"date":"2021-01-10T18:26:21","date_gmt":"2021-01-10T21:26:21","guid":{"rendered":"https:\/\/eldiariodesanpedro.com.ar\/sitio\/?p=85730"},"modified":"2021-01-10T18:26:22","modified_gmt":"2021-01-10T21:26:22","slug":"gran-debut-de-fiesta-en-la-estancia-en-el-club-de-pescadores","status":"publish","type":"post","link":"https:\/\/eldiariodesanpedro.com.ar\/sitio\/gran-debut-de-fiesta-en-la-estancia-en-el-club-de-pescadores\/","title":{"rendered":"Gran debut de Fiesta en la Estancia en el Club de Pescadores"},"content":{"rendered":"<!-- VideographyWP Plugin Message: Automatic video embedding prevented by plugin options. -->\n\n<p>Con una excelente concurrencia y mucha expectativa por el desaf\u00edo emprendido el Club de Pescadores present\u00f3 en la noche del s\u00e1bado en sus instalaciones la primera funci\u00f3n de teatro al aire libre con la obra Fiesta en la Estancia, protagonizada por Costa y Alejandro Cupit\u00f3.<\/p>\n\n\n\n<p>Luego de la intensa y valiosa campa\u00f1a promocional que gracias al reconocimiento medi\u00e1tico de los protagonistas, coloc\u00f3 a San Pedro dentro de las noticias del verano para medios y programas especializados, arranc\u00f3 una sucesi\u00f3n de funciones todos los s\u00e1bados de enero y febrero. Adem\u00e1s habr\u00e1 funciones especiales los domingos con unipersonales. Ya est\u00e1n programados y con entradas a la venta el domingo 24 de enero con Mat\u00edas Al\u00e9 con la obra \u201cUn Loco Lindo\u201d, y el 31 Costa con su show personal.<\/p>\n\n\n\n<p>Los actores y la organizaci\u00f3n agradecieron a la Municipalidad y especialmente a la Secretar\u00eda de Turismo que recibi\u00f3 esta propuesta cuando el panorama generado por la Pandemia era muy complejo y que apost\u00f3 a San Pedro para una temporada que seguir\u00e1 requiriendo el m\u00e1ximo cumplimiento de todas las medidas de prevenci\u00f3n.<br>Las entradas para cada funci\u00f3n pueden adqurirse en el Club de Pescadores y en la Casona de Turismo de jueves a s\u00e1bados de 10 a 12.<\/p>\n\n\n\n<figure class=\"wp-block-image size-large\"><img decoding=\"async\" width=\"682\" height=\"1024\" data-attachment-id=\"85732\" data-permalink=\"https:\/\/eldiariodesanpedro.com.ar\/sitio\/gran-debut-de-fiesta-en-la-estancia-en-el-club-de-pescadores\/whatsapp-image-2021-01-10-at-13-02-16\/\" data-orig-file=\"https:\/\/eldiariodesanpedro.com.ar\/sitio\/wp-content\/uploads\/2021\/01\/WhatsApp-Image-2021-01-10-at-13.02.16.jpeg\" data-orig-size=\"853,1280\" data-comments-opened=\"1\" data-image-meta=\"{&quot;aperture&quot;:&quot;0&quot;,&quot;credit&quot;:&quot;&quot;,&quot;camera&quot;:&quot;&quot;,&quot;caption&quot;:&quot;&quot;,&quot;created_timestamp&quot;:&quot;0&quot;,&quot;copyright&quot;:&quot;&quot;,&quot;focal_length&quot;:&quot;0&quot;,&quot;iso&quot;:&quot;0&quot;,&quot;shutter_speed&quot;:&quot;0&quot;,&quot;title&quot;:&quot;&quot;,&quot;orientation&quot;:&quot;0&quot;}\" data-image-title=\"WhatsApp Image 2021-01-10 at 13.02.16\" data-image-description=\"\" data-image-caption=\"\" data-large-file=\"https:\/\/eldiariodesanpedro.com.ar\/sitio\/wp-content\/uploads\/2021\/01\/WhatsApp-Image-2021-01-10-at-13.02.16-682x1024.jpeg\" data-src=\"https:\/\/eldiariodesanpedro.com.ar\/sitio\/wp-content\/uploads\/2021\/01\/WhatsApp-Image-2021-01-10-at-13.02.16-682x1024.jpeg\" alt=\"\" class=\"wp-image-85732 lazyload\" data-srcset=\"https:\/\/eldiariodesanpedro.com.ar\/sitio\/wp-content\/uploads\/2021\/01\/WhatsApp-Image-2021-01-10-at-13.02.16-682x1024.jpeg 682w, https:\/\/eldiariodesanpedro.com.ar\/sitio\/wp-content\/uploads\/2021\/01\/WhatsApp-Image-2021-01-10-at-13.02.16-200x300.jpeg 200w, https:\/\/eldiariodesanpedro.com.ar\/sitio\/wp-content\/uploads\/2021\/01\/WhatsApp-Image-2021-01-10-at-13.02.16-768x1152.jpeg 768w, https:\/\/eldiariodesanpedro.com.ar\/sitio\/wp-content\/uploads\/2021\/01\/WhatsApp-Image-2021-01-10-at-13.02.16.jpeg 853w\" data-sizes=\"(max-width: 682px) 100vw, 682px\" src=\"data:image\/svg+xml;base64,PHN2ZyB3aWR0aD0iMSIgaGVpZ2h0PSIxIiB4bWxucz0iaHR0cDovL3d3dy53My5vcmcvMjAwMC9zdmciPjwvc3ZnPg==\" style=\"--smush-placeholder-width: 682px; --smush-placeholder-aspect-ratio: 682\/1024;\" \/><\/figure>\n\n\n\n<figure class=\"wp-block-image size-large\"><img decoding=\"async\" width=\"682\" height=\"1024\" data-attachment-id=\"85733\" data-permalink=\"https:\/\/eldiariodesanpedro.com.ar\/sitio\/gran-debut-de-fiesta-en-la-estancia-en-el-club-de-pescadores\/whatsapp-image-2021-01-10-at-13-02-17\/\" data-orig-file=\"https:\/\/eldiariodesanpedro.com.ar\/sitio\/wp-content\/uploads\/2021\/01\/WhatsApp-Image-2021-01-10-at-13.02.17.jpeg\" data-orig-size=\"853,1280\" data-comments-opened=\"1\" data-image-meta=\"{&quot;aperture&quot;:&quot;0&quot;,&quot;credit&quot;:&quot;&quot;,&quot;camera&quot;:&quot;&quot;,&quot;caption&quot;:&quot;&quot;,&quot;created_timestamp&quot;:&quot;0&quot;,&quot;copyright&quot;:&quot;&quot;,&quot;focal_length&quot;:&quot;0&quot;,&quot;iso&quot;:&quot;0&quot;,&quot;shutter_speed&quot;:&quot;0&quot;,&quot;title&quot;:&quot;&quot;,&quot;orientation&quot;:&quot;0&quot;}\" data-image-title=\"WhatsApp Image 2021-01-10 at 13.02.17\" data-image-description=\"\" data-image-caption=\"\" data-large-file=\"https:\/\/eldiariodesanpedro.com.ar\/sitio\/wp-content\/uploads\/2021\/01\/WhatsApp-Image-2021-01-10-at-13.02.17-682x1024.jpeg\" data-src=\"https:\/\/eldiariodesanpedro.com.ar\/sitio\/wp-content\/uploads\/2021\/01\/WhatsApp-Image-2021-01-10-at-13.02.17-682x1024.jpeg\" alt=\"\" class=\"wp-image-85733 lazyload\" data-srcset=\"https:\/\/eldiariodesanpedro.com.ar\/sitio\/wp-content\/uploads\/2021\/01\/WhatsApp-Image-2021-01-10-at-13.02.17-682x1024.jpeg 682w, https:\/\/eldiariodesanpedro.com.ar\/sitio\/wp-content\/uploads\/2021\/01\/WhatsApp-Image-2021-01-10-at-13.02.17-200x300.jpeg 200w, https:\/\/eldiariodesanpedro.com.ar\/sitio\/wp-content\/uploads\/2021\/01\/WhatsApp-Image-2021-01-10-at-13.02.17-768x1152.jpeg 768w, https:\/\/eldiariodesanpedro.com.ar\/sitio\/wp-content\/uploads\/2021\/01\/WhatsApp-Image-2021-01-10-at-13.02.17.jpeg 853w\" data-sizes=\"(max-width: 682px) 100vw, 682px\" src=\"data:image\/svg+xml;base64,PHN2ZyB3aWR0aD0iMSIgaGVpZ2h0PSIxIiB4bWxucz0iaHR0cDovL3d3dy53My5vcmcvMjAwMC9zdmciPjwvc3ZnPg==\" style=\"--smush-placeholder-width: 682px; --smush-placeholder-aspect-ratio: 682\/1024;\" \/><\/figure>\n","protected":false},"excerpt":{"rendered":"<p>Con una excelente concurrencia y mucha expectativa por el desaf\u00edo emprendido el Club de Pescadores present\u00f3 en la noche del s\u00e1bado en sus instalaciones la primera funci\u00f3n de teatro al aire libre con la obra Fiesta en la Estancia, protagonizada por Costa y Alejandro Cupit\u00f3. Luego de la intensa y valiosa campa\u00f1a promocional que gracias [&hellip;]<\/p>\n","protected":false},"author":4,"featured_media":85731,"comment_status":"open","ping_status":"closed","sticky":false,"template":"","format":"standard","meta":{"om_disable_all_campaigns":false,"_jetpack_memberships_contains_paid_content":false,"footnotes":""},"categories":[50,101,2],"tags":[],"class_list":["post-85730","post","type-post","status-publish","format-standard","has-post-thumbnail","hentry","category-destacadas","category-interes-general-locales","category-locales"],"aioseo_notices":[],"gutentor_comment":0,"jetpack_featured_media_url":"https:\/\/eldiariodesanpedro.com.ar\/sitio\/wp-content\/uploads\/2021\/01\/WhatsApp-Image-2021-01-10-at-13.02.19-1.jpeg","jetpack_shortlink":"https:\/\/wp.me\/p6RhLt-miK","jetpack_sharing_enabled":true,"_links":{"self":[{"href":"https:\/\/eldiariodesanpedro.com.ar\/sitio\/wp-json\/wp\/v2\/posts\/85730","targetHints":{"allow":["GET"]}}],"collection":[{"href":"https:\/\/eldiariodesanpedro.com.ar\/sitio\/wp-json\/wp\/v2\/posts"}],"about":[{"href":"https:\/\/eldiariodesanpedro.com.ar\/sitio\/wp-json\/wp\/v2\/types\/post"}],"author":[{"embeddable":true,"href":"https:\/\/eldiariodesanpedro.com.ar\/sitio\/wp-json\/wp\/v2\/users\/4"}],"replies":[{"embeddable":true,"href":"https:\/\/eldiariodesanpedro.com.ar\/sitio\/wp-json\/wp\/v2\/comments?post=85730"}],"version-history":[{"count":1,"href":"https:\/\/eldiariodesanpedro.com.ar\/sitio\/wp-json\/wp\/v2\/posts\/85730\/revisions"}],"predecessor-version":[{"id":85734,"href":"https:\/\/eldiariodesanpedro.com.ar\/sitio\/wp-json\/wp\/v2\/posts\/85730\/revisions\/85734"}],"wp:featuredmedia":[{"embeddable":true,"href":"https:\/\/eldiariodesanpedro.com.ar\/sitio\/wp-json\/wp\/v2\/media\/85731"}],"wp:attachment":[{"href":"https:\/\/eldiariodesanpedro.com.ar\/sitio\/wp-json\/wp\/v2\/media?parent=85730"}],"wp:term":[{"taxonomy":"category","embeddable":true,"href":"https:\/\/eldiariodesanpedro.com.ar\/sitio\/wp-json\/wp\/v2\/categories?post=85730"},{"taxonomy":"post_tag","embeddable":true,"href":"https:\/\/eldiariodesanpedro.com.ar\/sitio\/wp-json\/wp\/v2\/tags?post=85730"}],"curies":[{"name":"wp","href":"https:\/\/api.w.org\/{rel}","templated":true}]}}