{"id":85714,"date":"2021-01-09T16:42:11","date_gmt":"2021-01-09T19:42:11","guid":{"rendered":"https:\/\/eldiariodesanpedro.com.ar\/sitio\/?p=85714"},"modified":"2021-01-09T16:42:14","modified_gmt":"2021-01-09T19:42:14","slug":"campana-camion-se-incendio-en-la-ruta-n-9","status":"publish","type":"post","link":"https:\/\/eldiariodesanpedro.com.ar\/sitio\/campana-camion-se-incendio-en-la-ruta-n-9\/","title":{"rendered":"CAMPANA | Cami\u00f3n se incendi\u00f3 en la ruta N\u00b0 9"},"content":{"rendered":"<!-- VideographyWP Plugin Message: Automatic video embedding prevented by plugin options. -->\n\n<p><strong>Un cami\u00f3n que transportaba ladrillos bloques se vio envuelto en llamas esta ma\u00f1ana en el km 88 de la ruta N\u00b0 9. Las p\u00e9rdidas se registraron en la cabina y el conductor, milagrosamente, sali\u00f3 ileso.&nbsp;<\/strong><\/p>\n\n\n\n<p>Se estima que el foco \u00edgneo fue originado a ra\u00edz de un desperfecto el\u00e9ctrico y en pocos minutos tom\u00f3 la cabina del conductor quien logr\u00f3 salir por sus propios medios.<\/p>\n\n\n\n<p>El camionero, oriundo de la localidad de Tigre, result\u00f3 ileso y dos dotaciones de bomberos voluntarios de Z\u00e1rate intervinieron para sofocar las llamas del veh\u00edculo de gran porte. Adem\u00e1s tambi\u00e9n trabajaron personal de autopistas y agentes policiales.<\/p>\n\n\n\n<p><\/p>\n","protected":false},"excerpt":{"rendered":"<p>Un cami\u00f3n que transportaba ladrillos bloques se vio envuelto en llamas esta ma\u00f1ana en el km 88 de la ruta N\u00b0 9. Las p\u00e9rdidas se registraron en la cabina y el conductor, milagrosamente, sali\u00f3 ileso.&nbsp; Se estima que el foco \u00edgneo fue originado a ra\u00edz de un desperfecto el\u00e9ctrico y en pocos minutos tom\u00f3 la [&hellip;]<\/p>\n","protected":false},"author":4,"featured_media":85716,"comment_status":"open","ping_status":"closed","sticky":false,"template":"","format":"standard","meta":{"om_disable_all_campaigns":false,"_jetpack_memberships_contains_paid_content":false,"footnotes":""},"categories":[621],"tags":[],"class_list":["post-85714","post","type-post","status-publish","format-standard","has-post-thumbnail","hentry","category-regionales"],"aioseo_notices":[],"gutentor_comment":0,"jetpack_featured_media_url":"https:\/\/eldiariodesanpedro.com.ar\/sitio\/wp-content\/uploads\/2021\/01\/incendio-de-camion-3.jpg","jetpack_shortlink":"https:\/\/wp.me\/p6RhLt-miu","jetpack_sharing_enabled":true,"_links":{"self":[{"href":"https:\/\/eldiariodesanpedro.com.ar\/sitio\/wp-json\/wp\/v2\/posts\/85714","targetHints":{"allow":["GET"]}}],"collection":[{"href":"https:\/\/eldiariodesanpedro.com.ar\/sitio\/wp-json\/wp\/v2\/posts"}],"about":[{"href":"https:\/\/eldiariodesanpedro.com.ar\/sitio\/wp-json\/wp\/v2\/types\/post"}],"author":[{"embeddable":true,"href":"https:\/\/eldiariodesanpedro.com.ar\/sitio\/wp-json\/wp\/v2\/users\/4"}],"replies":[{"embeddable":true,"href":"https:\/\/eldiariodesanpedro.com.ar\/sitio\/wp-json\/wp\/v2\/comments?post=85714"}],"version-history":[{"count":1,"href":"https:\/\/eldiariodesanpedro.com.ar\/sitio\/wp-json\/wp\/v2\/posts\/85714\/revisions"}],"predecessor-version":[{"id":85717,"href":"https:\/\/eldiariodesanpedro.com.ar\/sitio\/wp-json\/wp\/v2\/posts\/85714\/revisions\/85717"}],"wp:featuredmedia":[{"embeddable":true,"href":"https:\/\/eldiariodesanpedro.com.ar\/sitio\/wp-json\/wp\/v2\/media\/85716"}],"wp:attachment":[{"href":"https:\/\/eldiariodesanpedro.com.ar\/sitio\/wp-json\/wp\/v2\/media?parent=85714"}],"wp:term":[{"taxonomy":"category","embeddable":true,"href":"https:\/\/eldiariodesanpedro.com.ar\/sitio\/wp-json\/wp\/v2\/categories?post=85714"},{"taxonomy":"post_tag","embeddable":true,"href":"https:\/\/eldiariodesanpedro.com.ar\/sitio\/wp-json\/wp\/v2\/tags?post=85714"}],"curies":[{"name":"wp","href":"https:\/\/api.w.org\/{rel}","templated":true}]}}