{"id":85707,"date":"2021-01-09T16:36:51","date_gmt":"2021-01-09T19:36:51","guid":{"rendered":"https:\/\/eldiariodesanpedro.com.ar\/sitio\/?p=85707"},"modified":"2021-01-09T16:36:54","modified_gmt":"2021-01-09T19:36:54","slug":"el-credito-de-la-billetera-electronica-podra-ser-utilizado-para-pagar-aportes-personales","status":"publish","type":"post","link":"https:\/\/eldiariodesanpedro.com.ar\/sitio\/el-credito-de-la-billetera-electronica-podra-ser-utilizado-para-pagar-aportes-personales\/","title":{"rendered":"El cr\u00e9dito de la Billetera Electr\u00f3nica podr\u00e1 ser utilizado para pagar aportes personales"},"content":{"rendered":"<!-- VideographyWP Plugin Message: Automatic video embedding prevented by plugin options. -->\n\n<p>La Administraci\u00f3n Federal de Ingresos P\u00fablicos ampli\u00f3 las facilidades para la utilizaci\u00f3n del cr\u00e9dito en la herramienta digital que el organismo ofrece a aut\u00f3nomos y monotributistas para abonar sus obligaciones fiscales, seg\u00fan lo ya oficializado en el Bolet\u00edn Oficial.<\/p>\n\n\n\n<p>La Administraci\u00f3n Federal de Ingresos P\u00fablicos (AFIP) ampli\u00f3 la utilizaci\u00f3n del cr\u00e9dito de la Billetera Electr\u00f3nica del organismo para pagar aportes personales de los trabajadores aut\u00f3nomos y al\u00edcuotas del monotributo, a trav\u00e9s de la Resoluci\u00f3n General 4901\/2021 publicada el viernes en el Bolet\u00edn Oficial.<\/p>\n\n\n\n<p>A partir de esta determinaci\u00f3n, la herramienta m\u00f3vil podr\u00e1 ser usada para cancelar obligaciones propias, como es el caso de aportes de trabajadores aut\u00f3nomos y de R\u00e9gimen Simplificado; o bien de terceros, tales como saldo de declaraciones juradas, pagos a cuenta de retenciones y percepciones, anticipos, intereses y multas.<\/p>\n\n\n\n<p>Tambi\u00e9n se podr\u00e1n pagar aportes y contribuciones a personal de casas particulares; pagos a cuenta del sistema Mis Facilidades, entre otros.<\/p>\n\n\n\n<p>La carga de fondos a la billetera electr\u00f3nica se realiza a trav\u00e9s del sitio web oficial de AFIP o por transferencia bancaria en modalidad homebanking. S\u00f3lo se requiere n\u00famero de CUIT y monto a transferir.<\/p>\n\n\n\n<p>Fuente: <a href=\"https:\/\/www.campananoticias.com\/noticia\/65387\/el-crdito-de-la-billetera-electrnica-podr-ser-utilizado-para-pagar-aportes-personales\">Campana Noticias<\/a><\/p>\n","protected":false},"excerpt":{"rendered":"<p>La Administraci\u00f3n Federal de Ingresos P\u00fablicos ampli\u00f3 las facilidades para la utilizaci\u00f3n del cr\u00e9dito en la herramienta digital que el organismo ofrece a aut\u00f3nomos y monotributistas para abonar sus obligaciones fiscales, seg\u00fan lo ya oficializado en el Bolet\u00edn Oficial. La Administraci\u00f3n Federal de Ingresos P\u00fablicos (AFIP) ampli\u00f3 la utilizaci\u00f3n del cr\u00e9dito de la Billetera Electr\u00f3nica [&hellip;]<\/p>\n","protected":false},"author":4,"featured_media":85708,"comment_status":"open","ping_status":"closed","sticky":false,"template":"","format":"standard","meta":{"om_disable_all_campaigns":false,"_jetpack_memberships_contains_paid_content":false,"footnotes":""},"categories":[621],"tags":[],"class_list":["post-85707","post","type-post","status-publish","format-standard","has-post-thumbnail","hentry","category-regionales"],"aioseo_notices":[],"gutentor_comment":0,"jetpack_featured_media_url":"https:\/\/eldiariodesanpedro.com.ar\/sitio\/wp-content\/uploads\/2021\/01\/20210108033245.jpg","jetpack_shortlink":"https:\/\/wp.me\/p6RhLt-min","jetpack_sharing_enabled":true,"_links":{"self":[{"href":"https:\/\/eldiariodesanpedro.com.ar\/sitio\/wp-json\/wp\/v2\/posts\/85707","targetHints":{"allow":["GET"]}}],"collection":[{"href":"https:\/\/eldiariodesanpedro.com.ar\/sitio\/wp-json\/wp\/v2\/posts"}],"about":[{"href":"https:\/\/eldiariodesanpedro.com.ar\/sitio\/wp-json\/wp\/v2\/types\/post"}],"author":[{"embeddable":true,"href":"https:\/\/eldiariodesanpedro.com.ar\/sitio\/wp-json\/wp\/v2\/users\/4"}],"replies":[{"embeddable":true,"href":"https:\/\/eldiariodesanpedro.com.ar\/sitio\/wp-json\/wp\/v2\/comments?post=85707"}],"version-history":[{"count":1,"href":"https:\/\/eldiariodesanpedro.com.ar\/sitio\/wp-json\/wp\/v2\/posts\/85707\/revisions"}],"predecessor-version":[{"id":85709,"href":"https:\/\/eldiariodesanpedro.com.ar\/sitio\/wp-json\/wp\/v2\/posts\/85707\/revisions\/85709"}],"wp:featuredmedia":[{"embeddable":true,"href":"https:\/\/eldiariodesanpedro.com.ar\/sitio\/wp-json\/wp\/v2\/media\/85708"}],"wp:attachment":[{"href":"https:\/\/eldiariodesanpedro.com.ar\/sitio\/wp-json\/wp\/v2\/media?parent=85707"}],"wp:term":[{"taxonomy":"category","embeddable":true,"href":"https:\/\/eldiariodesanpedro.com.ar\/sitio\/wp-json\/wp\/v2\/categories?post=85707"},{"taxonomy":"post_tag","embeddable":true,"href":"https:\/\/eldiariodesanpedro.com.ar\/sitio\/wp-json\/wp\/v2\/tags?post=85707"}],"curies":[{"name":"wp","href":"https:\/\/api.w.org\/{rel}","templated":true}]}}