{"id":85705,"date":"2021-01-09T16:33:25","date_gmt":"2021-01-09T19:33:25","guid":{"rendered":"https:\/\/eldiariodesanpedro.com.ar\/sitio\/?p=85705"},"modified":"2021-01-09T16:33:29","modified_gmt":"2021-01-09T19:33:29","slug":"aseguran-que-en-febrero-empieza-la-vacunacion-a-docentes","status":"publish","type":"post","link":"https:\/\/eldiariodesanpedro.com.ar\/sitio\/aseguran-que-en-febrero-empieza-la-vacunacion-a-docentes\/","title":{"rendered":"Aseguran que en febrero empieza la vacunaci\u00f3n a docentes"},"content":{"rendered":"<!-- VideographyWP Plugin Message: Automatic video embedding prevented by plugin options. -->\n\n<p>El ministro de Educaci\u00f3n de la Naci\u00f3n, Nicol\u00e1s Trotta, sostuvo que se estima que se har\u00e1 con la segunda partida de la vacuna Sputnik V. El inicio de clases est\u00e1 previsto para el 1\u00ba de marzo en Provincia.<\/p>\n\n\n\n<p>El ministro de Educaci\u00f3n de la Naci\u00f3n, Nicol\u00e1s Trotta, asegur\u00f3 que la vacunaci\u00f3n contra el coronavirus para docentes comenzar\u00e1 en febrero con la llegada de la segunda partida de la vacuna Sputnik V.<\/p>\n\n\n\n<p>\u201cEn febrero vamos a empezar el proceso de vacunaci\u00f3n de nuestros docentes. Estamos trabajando en toda la agenda de vacunaci\u00f3n con cada una de las jurisdicciones. Es fundamental establecer dentro de lo que es la priorizaci\u00f3n la vacunaci\u00f3n del sector docente\u201d, dijo Trotta.<\/p>\n\n\n\n<p>Y agreg\u00f3: \u201cLa vacunaci\u00f3n ir\u00e1 de la mano de la apertura de las escuelas para asegurar el derecho a la educaci\u00f3n en 2021\u201d.<\/p>\n\n\n\n<p>Trotta ratific\u00f3 la vigencia del calendario escolar que se fij\u00f3 en todo el pa\u00eds. As\u00ed, ser\u00e1n 17 las provincias que empezar\u00e1n las clases el 1\u00ba de marzo pr\u00f3ximo; la Ciudad de Buenos Aires, el 16 de febrero; Jujuy, el 22 de ese mes; Formosa, el 2 de marzo y Neuqu\u00e9n; y R\u00edo Negro, el 3 de marzo.<\/p>\n\n\n\n<p>Fuente: <a href=\"https:\/\/www.campananoticias.com\/noticia\/65396\/aseguran-que-en-febrero-empieza-la-vacunacin-a-docentes\">Campana Noticias<\/a><\/p>\n","protected":false},"excerpt":{"rendered":"<p>El ministro de Educaci\u00f3n de la Naci\u00f3n, Nicol\u00e1s Trotta, sostuvo que se estima que se har\u00e1 con la segunda partida de la vacuna Sputnik V. El inicio de clases est\u00e1 previsto para el 1\u00ba de marzo en Provincia. El ministro de Educaci\u00f3n de la Naci\u00f3n, Nicol\u00e1s Trotta, asegur\u00f3 que la vacunaci\u00f3n contra el coronavirus para [&hellip;]<\/p>\n","protected":false},"author":4,"featured_media":85332,"comment_status":"open","ping_status":"closed","sticky":false,"template":"","format":"standard","meta":{"om_disable_all_campaigns":false,"_jetpack_memberships_contains_paid_content":false,"footnotes":""},"categories":[101,2],"tags":[],"class_list":["post-85705","post","type-post","status-publish","format-standard","has-post-thumbnail","hentry","category-interes-general-locales","category-locales"],"aioseo_notices":[],"gutentor_comment":0,"jetpack_featured_media_url":"https:\/\/eldiariodesanpedro.com.ar\/sitio\/wp-content\/uploads\/2021\/01\/136391118_1473614006181067_8308305245012042100_o.jpg","jetpack_shortlink":"https:\/\/wp.me\/p6RhLt-mil","jetpack_sharing_enabled":true,"_links":{"self":[{"href":"https:\/\/eldiariodesanpedro.com.ar\/sitio\/wp-json\/wp\/v2\/posts\/85705","targetHints":{"allow":["GET"]}}],"collection":[{"href":"https:\/\/eldiariodesanpedro.com.ar\/sitio\/wp-json\/wp\/v2\/posts"}],"about":[{"href":"https:\/\/eldiariodesanpedro.com.ar\/sitio\/wp-json\/wp\/v2\/types\/post"}],"author":[{"embeddable":true,"href":"https:\/\/eldiariodesanpedro.com.ar\/sitio\/wp-json\/wp\/v2\/users\/4"}],"replies":[{"embeddable":true,"href":"https:\/\/eldiariodesanpedro.com.ar\/sitio\/wp-json\/wp\/v2\/comments?post=85705"}],"version-history":[{"count":1,"href":"https:\/\/eldiariodesanpedro.com.ar\/sitio\/wp-json\/wp\/v2\/posts\/85705\/revisions"}],"predecessor-version":[{"id":85706,"href":"https:\/\/eldiariodesanpedro.com.ar\/sitio\/wp-json\/wp\/v2\/posts\/85705\/revisions\/85706"}],"wp:featuredmedia":[{"embeddable":true,"href":"https:\/\/eldiariodesanpedro.com.ar\/sitio\/wp-json\/wp\/v2\/media\/85332"}],"wp:attachment":[{"href":"https:\/\/eldiariodesanpedro.com.ar\/sitio\/wp-json\/wp\/v2\/media?parent=85705"}],"wp:term":[{"taxonomy":"category","embeddable":true,"href":"https:\/\/eldiariodesanpedro.com.ar\/sitio\/wp-json\/wp\/v2\/categories?post=85705"},{"taxonomy":"post_tag","embeddable":true,"href":"https:\/\/eldiariodesanpedro.com.ar\/sitio\/wp-json\/wp\/v2\/tags?post=85705"}],"curies":[{"name":"wp","href":"https:\/\/api.w.org\/{rel}","templated":true}]}}