{"id":85702,"date":"2021-01-09T16:31:21","date_gmt":"2021-01-09T19:31:21","guid":{"rendered":"https:\/\/eldiariodesanpedro.com.ar\/sitio\/?p=85702"},"modified":"2021-01-09T16:31:25","modified_gmt":"2021-01-09T19:31:25","slug":"san-nicolas-vuelco-en-el-camino-de-la-costa-iban-7-personas-en-el-auto","status":"publish","type":"post","link":"https:\/\/eldiariodesanpedro.com.ar\/sitio\/san-nicolas-vuelco-en-el-camino-de-la-costa-iban-7-personas-en-el-auto\/","title":{"rendered":"SAN NICOL\u00c1S | Vuelco en el Camino de la Costa: Iban 7 personas en el auto"},"content":{"rendered":"<!-- VideographyWP Plugin Message: Automatic video embedding prevented by plugin options. -->\n\n<p>El hecho ocurri\u00f3 minutos despu\u00e9s de las 14:00 del viernes en el Camino de la Costa, sentido Ramallo-San Nicol\u00e1s, a la altura del Parque Comirsa 2.<br><br>Dos mujeres mayores de edad junto a 7 ni\u00f1os, sufrieron un siniestro vial cuando iban a bordo de un Chevrolet Corsa. Por causas que se tratan de establecer, la conductora perdi\u00f3 el control del rodado y volc\u00f3.<br><br>Afortunadamente ninguno sufri\u00f3 lesiones de gravedad. S\u00f3lo la mujer que manejaba qued\u00f3 internada en observaci\u00f3n.<\/p>\n\n\n\n<p>Fuente: Diario El Informante<\/p>\n","protected":false},"excerpt":{"rendered":"<p>El hecho ocurri\u00f3 minutos despu\u00e9s de las 14:00 del viernes en el Camino de la Costa, sentido Ramallo-San Nicol\u00e1s, a la altura del Parque Comirsa 2. Dos mujeres mayores de edad junto a 7 ni\u00f1os, sufrieron un siniestro vial cuando iban a bordo de un Chevrolet Corsa. Por causas que se tratan de establecer, la [&hellip;]<\/p>\n","protected":false},"author":4,"featured_media":85703,"comment_status":"open","ping_status":"closed","sticky":false,"template":"","format":"standard","meta":{"om_disable_all_campaigns":false,"_jetpack_memberships_contains_paid_content":false,"footnotes":""},"categories":[621],"tags":[],"class_list":["post-85702","post","type-post","status-publish","format-standard","has-post-thumbnail","hentry","category-regionales"],"aioseo_notices":[],"gutentor_comment":0,"jetpack_featured_media_url":"https:\/\/eldiariodesanpedro.com.ar\/sitio\/wp-content\/uploads\/2021\/01\/no_vmtdj1twaxq0oya0_1_.jpg","jetpack_shortlink":"https:\/\/wp.me\/p6RhLt-mii","jetpack_sharing_enabled":true,"_links":{"self":[{"href":"https:\/\/eldiariodesanpedro.com.ar\/sitio\/wp-json\/wp\/v2\/posts\/85702","targetHints":{"allow":["GET"]}}],"collection":[{"href":"https:\/\/eldiariodesanpedro.com.ar\/sitio\/wp-json\/wp\/v2\/posts"}],"about":[{"href":"https:\/\/eldiariodesanpedro.com.ar\/sitio\/wp-json\/wp\/v2\/types\/post"}],"author":[{"embeddable":true,"href":"https:\/\/eldiariodesanpedro.com.ar\/sitio\/wp-json\/wp\/v2\/users\/4"}],"replies":[{"embeddable":true,"href":"https:\/\/eldiariodesanpedro.com.ar\/sitio\/wp-json\/wp\/v2\/comments?post=85702"}],"version-history":[{"count":1,"href":"https:\/\/eldiariodesanpedro.com.ar\/sitio\/wp-json\/wp\/v2\/posts\/85702\/revisions"}],"predecessor-version":[{"id":85704,"href":"https:\/\/eldiariodesanpedro.com.ar\/sitio\/wp-json\/wp\/v2\/posts\/85702\/revisions\/85704"}],"wp:featuredmedia":[{"embeddable":true,"href":"https:\/\/eldiariodesanpedro.com.ar\/sitio\/wp-json\/wp\/v2\/media\/85703"}],"wp:attachment":[{"href":"https:\/\/eldiariodesanpedro.com.ar\/sitio\/wp-json\/wp\/v2\/media?parent=85702"}],"wp:term":[{"taxonomy":"category","embeddable":true,"href":"https:\/\/eldiariodesanpedro.com.ar\/sitio\/wp-json\/wp\/v2\/categories?post=85702"},{"taxonomy":"post_tag","embeddable":true,"href":"https:\/\/eldiariodesanpedro.com.ar\/sitio\/wp-json\/wp\/v2\/tags?post=85702"}],"curies":[{"name":"wp","href":"https:\/\/api.w.org\/{rel}","templated":true}]}}