{"id":85699,"date":"2021-01-09T16:25:27","date_gmt":"2021-01-09T19:25:27","guid":{"rendered":"https:\/\/eldiariodesanpedro.com.ar\/sitio\/?p=85699"},"modified":"2021-01-09T16:25:27","modified_gmt":"2021-01-09T19:25:27","slug":"zarate-un-hombre-murio-tras-despiste-y-vuelco-en-la-ruta-n-9","status":"publish","type":"post","link":"https:\/\/eldiariodesanpedro.com.ar\/sitio\/zarate-un-hombre-murio-tras-despiste-y-vuelco-en-la-ruta-n-9\/","title":{"rendered":"Z\u00c1RATE | Un hombre muri\u00f3 tras despiste y vuelco en la ruta N\u00b0 9"},"content":{"rendered":"<!-- VideographyWP Plugin Message: Automatic video embedding prevented by plugin options. -->\n\n<p><strong>Un hombre falleci\u00f3 esta ma\u00f1ana al salir despedido de su camioneta Subaru Forester, en el kilometro 103 de la Ruta 9.<\/strong><\/p>\n\n\n\n<p>La camioneta se despist\u00f3 de la mano a Rosario, cruz\u00f3 hacia la colectora y al dar varios giros en el aire, termin\u00f3 despidiendo el cuerpo del conductor (de 63 a\u00f1os de edad), que falleci\u00f3 tras impactar de lleno contra un \u00e1rbol ubicado a unos 30 metros de la Ruta.<\/p>\n\n\n\n<p>En el lugar trabaja personal de bomberos, autopista, polic\u00eda cient\u00edfica, gendarmer\u00eda y SEMU.<\/p>\n\n\n\n<p>Fuente: <a href=\"https:\/\/impactolocal.com.ar\/2021\/01\/09\/un-hombre-murio-tras-despiste-y-vuelco-en-la-ruta-n-9\/\">Impacto Local<\/a><\/p>\n","protected":false},"excerpt":{"rendered":"<p>Un hombre falleci\u00f3 esta ma\u00f1ana al salir despedido de su camioneta Subaru Forester, en el kilometro 103 de la Ruta 9. La camioneta se despist\u00f3 de la mano a Rosario, cruz\u00f3 hacia la colectora y al dar varios giros en el aire, termin\u00f3 despidiendo el cuerpo del conductor (de 63 a\u00f1os de edad), que falleci\u00f3 [&hellip;]<\/p>\n","protected":false},"author":4,"featured_media":85700,"comment_status":"open","ping_status":"closed","sticky":false,"template":"","format":"standard","meta":{"om_disable_all_campaigns":false,"_jetpack_memberships_contains_paid_content":false,"footnotes":""},"categories":[621],"tags":[],"class_list":["post-85699","post","type-post","status-publish","format-standard","has-post-thumbnail","hentry","category-regionales"],"aioseo_notices":[],"gutentor_comment":0,"jetpack_featured_media_url":"https:\/\/eldiariodesanpedro.com.ar\/sitio\/wp-content\/uploads\/2021\/01\/accidente-ruta-9.jpg","jetpack_shortlink":"https:\/\/wp.me\/p6RhLt-mif","jetpack_sharing_enabled":true,"_links":{"self":[{"href":"https:\/\/eldiariodesanpedro.com.ar\/sitio\/wp-json\/wp\/v2\/posts\/85699","targetHints":{"allow":["GET"]}}],"collection":[{"href":"https:\/\/eldiariodesanpedro.com.ar\/sitio\/wp-json\/wp\/v2\/posts"}],"about":[{"href":"https:\/\/eldiariodesanpedro.com.ar\/sitio\/wp-json\/wp\/v2\/types\/post"}],"author":[{"embeddable":true,"href":"https:\/\/eldiariodesanpedro.com.ar\/sitio\/wp-json\/wp\/v2\/users\/4"}],"replies":[{"embeddable":true,"href":"https:\/\/eldiariodesanpedro.com.ar\/sitio\/wp-json\/wp\/v2\/comments?post=85699"}],"version-history":[{"count":1,"href":"https:\/\/eldiariodesanpedro.com.ar\/sitio\/wp-json\/wp\/v2\/posts\/85699\/revisions"}],"predecessor-version":[{"id":85701,"href":"https:\/\/eldiariodesanpedro.com.ar\/sitio\/wp-json\/wp\/v2\/posts\/85699\/revisions\/85701"}],"wp:featuredmedia":[{"embeddable":true,"href":"https:\/\/eldiariodesanpedro.com.ar\/sitio\/wp-json\/wp\/v2\/media\/85700"}],"wp:attachment":[{"href":"https:\/\/eldiariodesanpedro.com.ar\/sitio\/wp-json\/wp\/v2\/media?parent=85699"}],"wp:term":[{"taxonomy":"category","embeddable":true,"href":"https:\/\/eldiariodesanpedro.com.ar\/sitio\/wp-json\/wp\/v2\/categories?post=85699"},{"taxonomy":"post_tag","embeddable":true,"href":"https:\/\/eldiariodesanpedro.com.ar\/sitio\/wp-json\/wp\/v2\/tags?post=85699"}],"curies":[{"name":"wp","href":"https:\/\/api.w.org\/{rel}","templated":true}]}}