{"id":85695,"date":"2021-01-09T15:55:39","date_gmt":"2021-01-09T18:55:39","guid":{"rendered":"https:\/\/eldiariodesanpedro.com.ar\/sitio\/?p=85695"},"modified":"2021-01-09T15:55:43","modified_gmt":"2021-01-09T18:55:43","slug":"se-conformo-la-me-conductiva-del-pro-en-san-pedro","status":"publish","type":"post","link":"https:\/\/eldiariodesanpedro.com.ar\/sitio\/se-conformo-la-me-conductiva-del-pro-en-san-pedro\/","title":{"rendered":"Se conformo la me conductiva del Pro en San Pedro"},"content":{"rendered":"<!-- VideographyWP Plugin Message: Automatic video embedding prevented by plugin options. -->\n\n<p>Este martes 5 de enero conformamos la MESA CONDUCTIVA DEL PRO SAN PEDRO, con el fin de reunir a los referentes de las distintas l\u00edneas y de la juventud, para juntos, codo a codo, trabajar coordinadamente.<\/p>\n\n\n\n<p>El a\u00f1o est\u00e1 comenzando y el contexto nos sigue presentando grandes desaf\u00edos y solo podemos atravesarlos si estamos unidos y buscando objetivos comunes por el bien de San Pedro.<\/p>\n\n\n\n<p>Pr\u00f3ximamente se inaugurar\u00e1 un local en la zona c\u00e9ntrica de nuestra ciudad.<\/p>\n\n\n\n<p>Adem\u00e1s de comunicar esta buena noticia queremos hacer llegar una invitaci\u00f3n para sumarse a todas las personas que se sientan afines y trabajar por San Pedro, teniendo como lema: \u201cConstruyamos juntos un San Pedro mejor\u201d.<\/p>\n","protected":false},"excerpt":{"rendered":"<p>Este martes 5 de enero conformamos la MESA CONDUCTIVA DEL PRO SAN PEDRO, con el fin de reunir a los referentes de las distintas l\u00edneas y de la juventud, para juntos, codo a codo, trabajar coordinadamente. El a\u00f1o est\u00e1 comenzando y el contexto nos sigue presentando grandes desaf\u00edos y solo podemos atravesarlos si estamos unidos [&hellip;]<\/p>\n","protected":false},"author":4,"featured_media":85696,"comment_status":"open","ping_status":"closed","sticky":false,"template":"","format":"standard","meta":{"om_disable_all_campaigns":false,"_jetpack_memberships_contains_paid_content":false,"footnotes":""},"categories":[101,2],"tags":[],"class_list":["post-85695","post","type-post","status-publish","format-standard","has-post-thumbnail","hentry","category-interes-general-locales","category-locales"],"aioseo_notices":[],"gutentor_comment":0,"jetpack_featured_media_url":"https:\/\/eldiariodesanpedro.com.ar\/sitio\/wp-content\/uploads\/2021\/01\/pro-san-pedro.jpg","jetpack_shortlink":"https:\/\/wp.me\/p6RhLt-mib","jetpack_sharing_enabled":true,"_links":{"self":[{"href":"https:\/\/eldiariodesanpedro.com.ar\/sitio\/wp-json\/wp\/v2\/posts\/85695","targetHints":{"allow":["GET"]}}],"collection":[{"href":"https:\/\/eldiariodesanpedro.com.ar\/sitio\/wp-json\/wp\/v2\/posts"}],"about":[{"href":"https:\/\/eldiariodesanpedro.com.ar\/sitio\/wp-json\/wp\/v2\/types\/post"}],"author":[{"embeddable":true,"href":"https:\/\/eldiariodesanpedro.com.ar\/sitio\/wp-json\/wp\/v2\/users\/4"}],"replies":[{"embeddable":true,"href":"https:\/\/eldiariodesanpedro.com.ar\/sitio\/wp-json\/wp\/v2\/comments?post=85695"}],"version-history":[{"count":1,"href":"https:\/\/eldiariodesanpedro.com.ar\/sitio\/wp-json\/wp\/v2\/posts\/85695\/revisions"}],"predecessor-version":[{"id":85698,"href":"https:\/\/eldiariodesanpedro.com.ar\/sitio\/wp-json\/wp\/v2\/posts\/85695\/revisions\/85698"}],"wp:featuredmedia":[{"embeddable":true,"href":"https:\/\/eldiariodesanpedro.com.ar\/sitio\/wp-json\/wp\/v2\/media\/85696"}],"wp:attachment":[{"href":"https:\/\/eldiariodesanpedro.com.ar\/sitio\/wp-json\/wp\/v2\/media?parent=85695"}],"wp:term":[{"taxonomy":"category","embeddable":true,"href":"https:\/\/eldiariodesanpedro.com.ar\/sitio\/wp-json\/wp\/v2\/categories?post=85695"},{"taxonomy":"post_tag","embeddable":true,"href":"https:\/\/eldiariodesanpedro.com.ar\/sitio\/wp-json\/wp\/v2\/tags?post=85695"}],"curies":[{"name":"wp","href":"https:\/\/api.w.org\/{rel}","templated":true}]}}