{"id":85684,"date":"2021-01-09T12:46:35","date_gmt":"2021-01-09T15:46:35","guid":{"rendered":"https:\/\/eldiariodesanpedro.com.ar\/sitio\/?p=85684"},"modified":"2021-01-09T12:46:52","modified_gmt":"2021-01-09T15:46:52","slug":"le-robaron-un-televisor-dinero-y-otros-elementos-entrando-por-un-balcon","status":"publish","type":"post","link":"https:\/\/eldiariodesanpedro.com.ar\/sitio\/le-robaron-un-televisor-dinero-y-otros-elementos-entrando-por-un-balcon\/","title":{"rendered":"Le robaron un televisor, dinero y otros elementos entrando por un balc\u00f3n"},"content":{"rendered":"<!-- VideographyWP Plugin Message: Automatic video embedding prevented by plugin options. -->\n\n<p>Este viernes un joven de 26 a\u00f1os de edad radic\u00f3 una denuncia en comisar\u00eda local por el robo de varios elementos mientras no se encontraba nadie en su casa.<\/p>\n\n\n\n<p>El joven declaro que el dia de ayer alrededor de las 21:30 hs se ausenta de su vivienda ubicada en calle Honorio Pueyrredon al 1200, no quedando moradores, que al regresar hoy 02 horas de hoy, da cuenta que ignorados tras abrir puerta balc\u00f3n sin violentar la misma, sustraen televisor LED marca Sony de 32\u201d, color negro con convertidor de Smart Tv, cable de alimentaci\u00f3n y control remoto, una notebook marca Lenovo de 15,6\u201d, color negra, con su cable de alimentaci\u00f3n y mouse, y dinero en efectivo, monto a determinar.<\/p>\n","protected":false},"excerpt":{"rendered":"<p>Este viernes un joven de 26 a\u00f1os de edad radic\u00f3 una denuncia en comisar\u00eda local por el robo de varios elementos mientras no se encontraba nadie en su casa. El joven declaro que el dia de ayer alrededor de las 21:30 hs se ausenta de su vivienda ubicada en calle Honorio Pueyrredon al 1200, no [&hellip;]<\/p>\n","protected":false},"author":4,"featured_media":85685,"comment_status":"open","ping_status":"closed","sticky":false,"template":"","format":"standard","meta":{"om_disable_all_campaigns":false,"_jetpack_memberships_contains_paid_content":false,"footnotes":""},"categories":[2,103],"tags":[],"class_list":["post-85684","post","type-post","status-publish","format-standard","has-post-thumbnail","hentry","category-locales","category-policiales-locales"],"aioseo_notices":[],"gutentor_comment":0,"jetpack_featured_media_url":"https:\/\/eldiariodesanpedro.com.ar\/sitio\/wp-content\/uploads\/2021\/01\/5ff9cf03a5cdf.jpg","jetpack_shortlink":"https:\/\/wp.me\/p6RhLt-mi0","jetpack_sharing_enabled":true,"_links":{"self":[{"href":"https:\/\/eldiariodesanpedro.com.ar\/sitio\/wp-json\/wp\/v2\/posts\/85684","targetHints":{"allow":["GET"]}}],"collection":[{"href":"https:\/\/eldiariodesanpedro.com.ar\/sitio\/wp-json\/wp\/v2\/posts"}],"about":[{"href":"https:\/\/eldiariodesanpedro.com.ar\/sitio\/wp-json\/wp\/v2\/types\/post"}],"author":[{"embeddable":true,"href":"https:\/\/eldiariodesanpedro.com.ar\/sitio\/wp-json\/wp\/v2\/users\/4"}],"replies":[{"embeddable":true,"href":"https:\/\/eldiariodesanpedro.com.ar\/sitio\/wp-json\/wp\/v2\/comments?post=85684"}],"version-history":[{"count":1,"href":"https:\/\/eldiariodesanpedro.com.ar\/sitio\/wp-json\/wp\/v2\/posts\/85684\/revisions"}],"predecessor-version":[{"id":85686,"href":"https:\/\/eldiariodesanpedro.com.ar\/sitio\/wp-json\/wp\/v2\/posts\/85684\/revisions\/85686"}],"wp:featuredmedia":[{"embeddable":true,"href":"https:\/\/eldiariodesanpedro.com.ar\/sitio\/wp-json\/wp\/v2\/media\/85685"}],"wp:attachment":[{"href":"https:\/\/eldiariodesanpedro.com.ar\/sitio\/wp-json\/wp\/v2\/media?parent=85684"}],"wp:term":[{"taxonomy":"category","embeddable":true,"href":"https:\/\/eldiariodesanpedro.com.ar\/sitio\/wp-json\/wp\/v2\/categories?post=85684"},{"taxonomy":"post_tag","embeddable":true,"href":"https:\/\/eldiariodesanpedro.com.ar\/sitio\/wp-json\/wp\/v2\/tags?post=85684"}],"curies":[{"name":"wp","href":"https:\/\/api.w.org\/{rel}","templated":true}]}}