{"id":85681,"date":"2021-01-09T12:42:19","date_gmt":"2021-01-09T15:42:19","guid":{"rendered":"https:\/\/eldiariodesanpedro.com.ar\/sitio\/?p=85681"},"modified":"2021-01-09T12:42:22","modified_gmt":"2021-01-09T15:42:22","slug":"estaba-pescando-se-quedo-dormido-y-le-robaron-la-moto","status":"publish","type":"post","link":"https:\/\/eldiariodesanpedro.com.ar\/sitio\/estaba-pescando-se-quedo-dormido-y-le-robaron-la-moto\/","title":{"rendered":"Estaba pescando, se quedo dormido y le robaron la moto"},"content":{"rendered":"<!-- VideographyWP Plugin Message: Automatic video embedding prevented by plugin options. -->\n\n<p>Este viernes en horas de la noche se hace presente en la comisar\u00eda local un ciudadano que denuncia que le sustrajeron su motocicleta cuando pescaba.<\/p>\n\n\n\n<p>El hecho ocurri\u00f3 durante la noche del viernes cuando el masculino de 38 a\u00f1os de edad se encontraba pescando en zona rivere\u00f1a en inmediaciones de Juan de Garay y Las Provincias cuando se queda dormido, al despertar se da cuenta que ignorados le sustrajeron su motocicleta marca Brava Nevada 110 cc color negra.&nbsp;<\/p>\n\n\n\n<p>La polic\u00eda investiga el hecho para dar con el paradero de la misma.<\/p>\n","protected":false},"excerpt":{"rendered":"<p>Este viernes en horas de la noche se hace presente en la comisar\u00eda local un ciudadano que denuncia que le sustrajeron su motocicleta cuando pescaba. El hecho ocurri\u00f3 durante la noche del viernes cuando el masculino de 38 a\u00f1os de edad se encontraba pescando en zona rivere\u00f1a en inmediaciones de Juan de Garay y Las [&hellip;]<\/p>\n","protected":false},"author":4,"featured_media":85682,"comment_status":"open","ping_status":"closed","sticky":false,"template":"","format":"standard","meta":{"om_disable_all_campaigns":false,"_jetpack_memberships_contains_paid_content":false,"footnotes":""},"categories":[2,103],"tags":[],"class_list":["post-85681","post","type-post","status-publish","format-standard","has-post-thumbnail","hentry","category-locales","category-policiales-locales"],"aioseo_notices":[],"gutentor_comment":0,"jetpack_featured_media_url":"https:\/\/eldiariodesanpedro.com.ar\/sitio\/wp-content\/uploads\/2021\/01\/5ff9cdf4e0555.jpg","jetpack_shortlink":"https:\/\/wp.me\/p6RhLt-mhX","jetpack_sharing_enabled":true,"_links":{"self":[{"href":"https:\/\/eldiariodesanpedro.com.ar\/sitio\/wp-json\/wp\/v2\/posts\/85681","targetHints":{"allow":["GET"]}}],"collection":[{"href":"https:\/\/eldiariodesanpedro.com.ar\/sitio\/wp-json\/wp\/v2\/posts"}],"about":[{"href":"https:\/\/eldiariodesanpedro.com.ar\/sitio\/wp-json\/wp\/v2\/types\/post"}],"author":[{"embeddable":true,"href":"https:\/\/eldiariodesanpedro.com.ar\/sitio\/wp-json\/wp\/v2\/users\/4"}],"replies":[{"embeddable":true,"href":"https:\/\/eldiariodesanpedro.com.ar\/sitio\/wp-json\/wp\/v2\/comments?post=85681"}],"version-history":[{"count":1,"href":"https:\/\/eldiariodesanpedro.com.ar\/sitio\/wp-json\/wp\/v2\/posts\/85681\/revisions"}],"predecessor-version":[{"id":85683,"href":"https:\/\/eldiariodesanpedro.com.ar\/sitio\/wp-json\/wp\/v2\/posts\/85681\/revisions\/85683"}],"wp:featuredmedia":[{"embeddable":true,"href":"https:\/\/eldiariodesanpedro.com.ar\/sitio\/wp-json\/wp\/v2\/media\/85682"}],"wp:attachment":[{"href":"https:\/\/eldiariodesanpedro.com.ar\/sitio\/wp-json\/wp\/v2\/media?parent=85681"}],"wp:term":[{"taxonomy":"category","embeddable":true,"href":"https:\/\/eldiariodesanpedro.com.ar\/sitio\/wp-json\/wp\/v2\/categories?post=85681"},{"taxonomy":"post_tag","embeddable":true,"href":"https:\/\/eldiariodesanpedro.com.ar\/sitio\/wp-json\/wp\/v2\/tags?post=85681"}],"curies":[{"name":"wp","href":"https:\/\/api.w.org\/{rel}","templated":true}]}}